{"id":7502,"date":"2024-07-02T20:28:23","date_gmt":"2024-07-02T23:28:23","guid":{"rendered":"https:\/\/www.nextmultimedio.com\/?p=7502"},"modified":"2024-07-02T20:28:24","modified_gmt":"2024-07-02T23:28:24","slug":"sol-y-rio-convoca-a-sus-vecinos-a-la-asamblea-general-anual-ordinaria","status":"publish","type":"post","link":"https:\/\/www.nextmultimedio.com\/?p=7502","title":{"rendered":"SOL Y RIO CONVOCA A SUS VECINOS A LA ASAMBLEA  GENERAL ANUAL ORDINARIA"},"content":{"rendered":"<div class=\"wp-block-image\">\n<figure class=\"aligncenter size-full\"><img loading=\"lazy\" decoding=\"async\" width=\"575\" height=\"575\" src=\"https:\/\/www.nextmultimedio.com\/wp-content\/uploads\/2024\/07\/449758105_999471762184000_682111543070085947_n.jpg\" alt=\"\" class=\"wp-image-7504\" srcset=\"https:\/\/www.nextmultimedio.com\/wp-content\/uploads\/2024\/07\/449758105_999471762184000_682111543070085947_n.jpg 575w, https:\/\/www.nextmultimedio.com\/wp-content\/uploads\/2024\/07\/449758105_999471762184000_682111543070085947_n-300x300.jpg 300w\" sizes=\"auto, (max-width: 575px) 100vw, 575px\" \/><\/figure>\n<\/div>\n\n\n<p><br>&#8220;La Comisi\u00f3n Directiva del Centro Vecinal SOL Y RIO convoca a los vecinos a participar de la Asamblea Anual General Ordinaria&#8221;.<br><br>La Comisi\u00f3n Directiva del Centro Vecinal \u201cSOL Y RIO \u201d, en cumplimiento de la Ordenanza N\u00ba 6009, convoca a los vecinos a la Asamblea Anual General Ordinaria para la presentaci\u00f3n de Memoria y Balance.<br><br>La misma se realizar\u00e1 el d\u00eda 01 de AGOSTO de 2024, en el Centro Vecinal SOL Y RIO , sito en calle La Camera y C\u00e1rcano ,en primera convocatoria a las 15 hs y en segunda convocatoria 45 minutos despu\u00e9s.<br><br>Orden del D\u00eda:<br>1) Elecci\u00f3n de un vecino para presidir la Asamblea.<br>2) Elecci\u00f3n de un vecino para Secretario de Acta.<br>3) Elecci\u00f3n de dos vecinos para refrendar el Acta.<br>4) Lectura de Memoria y posterior aprobaci\u00f3n.<br>5) Lectura del Balance Econ\u00f3mico Anual y posterior aprobaci\u00f3n.<br>6) Lectura del Informe de la Comisi\u00f3n Revisora de Cuentas.\u00a0<\/p>\n\n\n\n<p><\/p>\n\n\n\n\n\n<p><\/p>\n","protected":false},"excerpt":{"rendered":"<p>&#8220;La Comisi\u00f3n Directiva del Centro Vecinal SOL Y RIO convoca a los vecinos a participar de la Asamblea Anual General Ordinaria&#8221;. La Comisi\u00f3n Directiva del Centro Vecinal \u201cSOL Y RIO \u201d, en cumplimiento de la Ordenanza N\u00ba 6009, convoca a los vecinos a la Asamblea Anual General Ordinaria para la presentaci\u00f3n de Memoria y Balance. [&hellip;]<\/p>\n","protected":false},"author":1,"featured_media":7504,"comment_status":"closed","ping_status":"closed","sticky":false,"template":"","format":"standard","meta":{"footnotes":""},"categories":[69],"tags":[345],"class_list":["post-7502","post","type-post","status-publish","format-standard","has-post-thumbnail","hentry","category-noticias","tag-destacar"],"_links":{"self":[{"href":"https:\/\/www.nextmultimedio.com\/index.php?rest_route=\/wp\/v2\/posts\/7502","targetHints":{"allow":["GET"]}}],"collection":[{"href":"https:\/\/www.nextmultimedio.com\/index.php?rest_route=\/wp\/v2\/posts"}],"about":[{"href":"https:\/\/www.nextmultimedio.com\/index.php?rest_route=\/wp\/v2\/types\/post"}],"author":[{"embeddable":true,"href":"https:\/\/www.nextmultimedio.com\/index.php?rest_route=\/wp\/v2\/users\/1"}],"replies":[{"embeddable":true,"href":"https:\/\/www.nextmultimedio.com\/index.php?rest_route=%2Fwp%2Fv2%2Fcomments&post=7502"}],"version-history":[{"count":1,"href":"https:\/\/www.nextmultimedio.com\/index.php?rest_route=\/wp\/v2\/posts\/7502\/revisions"}],"predecessor-version":[{"id":7505,"href":"https:\/\/www.nextmultimedio.com\/index.php?rest_route=\/wp\/v2\/posts\/7502\/revisions\/7505"}],"wp:featuredmedia":[{"embeddable":true,"href":"https:\/\/www.nextmultimedio.com\/index.php?rest_route=\/wp\/v2\/media\/7504"}],"wp:attachment":[{"href":"https:\/\/www.nextmultimedio.com\/index.php?rest_route=%2Fwp%2Fv2%2Fmedia&parent=7502"}],"wp:term":[{"taxonomy":"category","embeddable":true,"href":"https:\/\/www.nextmultimedio.com\/index.php?rest_route=%2Fwp%2Fv2%2Fcategories&post=7502"},{"taxonomy":"post_tag","embeddable":true,"href":"https:\/\/www.nextmultimedio.com\/index.php?rest_route=%2Fwp%2Fv2%2Ftags&post=7502"}],"curies":[{"name":"wp","href":"https:\/\/api.w.org\/{rel}","templated":true}]}}