{"id":7496,"date":"2024-07-01T19:47:21","date_gmt":"2024-07-01T22:47:21","guid":{"rendered":"https:\/\/www.nextmultimedio.com\/?p=7496"},"modified":"2024-07-01T19:47:22","modified_gmt":"2024-07-01T22:47:22","slug":"campana-de-vacunacion-antirrabica-julio-2024-2","status":"publish","type":"post","link":"https:\/\/www.nextmultimedio.com\/?p=7496","title":{"rendered":"CAMPA\u00d1A DE VACUNACI\u00d3N ANTIRR\u00c1BICA JULIO 2024"},"content":{"rendered":"\n<figure class=\"wp-block-image size-large\"><img loading=\"lazy\" decoding=\"async\" width=\"1024\" height=\"1024\" src=\"https:\/\/www.nextmultimedio.com\/wp-content\/uploads\/2024\/07\/449344453_998900348907808_3494925072706383000_n-1024x1024.jpg\" alt=\"\" class=\"wp-image-7497\" srcset=\"https:\/\/www.nextmultimedio.com\/wp-content\/uploads\/2024\/07\/449344453_998900348907808_3494925072706383000_n-1024x1024.jpg 1024w, https:\/\/www.nextmultimedio.com\/wp-content\/uploads\/2024\/07\/449344453_998900348907808_3494925072706383000_n-300x300.jpg 300w, https:\/\/www.nextmultimedio.com\/wp-content\/uploads\/2024\/07\/449344453_998900348907808_3494925072706383000_n-768x768.jpg 768w, https:\/\/www.nextmultimedio.com\/wp-content\/uploads\/2024\/07\/449344453_998900348907808_3494925072706383000_n.jpg 1080w\" sizes=\"auto, (max-width: 1024px) 100vw, 1024px\" \/><\/figure>\n\n\n\n<p>El Gobierno de la ciudad a trav\u00e9s de la Secretar\u00eda de Salud P\u00fablica contin\u00faa con la Campa\u00f1a de Vacunaci\u00f3n Antirr\u00e1bica gratuita para perros y gatos en los distintos Distritos de la ciudad.<\/p>\n\n\n\n<p>La misma se llevar\u00e1 cabo en el horario de 9:00 a 12:00hs en los siguientes lugares:<\/p>\n\n\n\n<p><a><\/a>&#8211;&nbsp;&nbsp;&nbsp;&nbsp;&nbsp;&nbsp;&nbsp;&nbsp;&nbsp;&nbsp; 04\/07 \u2013 Altos del Valle \u2013 Plaza Manitos Felices<\/p>\n\n\n\n<p>&#8211;&nbsp;&nbsp;&nbsp;&nbsp;&nbsp;&nbsp;&nbsp;&nbsp;&nbsp;&nbsp; 11\/07 \u2013 Los Eucaliptos \u2013 Villa Dominguez \u2013 Plaza Ecuador<\/p>\n\n\n\n<p>&#8211;&nbsp;&nbsp;&nbsp;&nbsp;&nbsp;&nbsp;&nbsp;&nbsp;&nbsp;&nbsp; 18\/07 \u2013 Las Rosas Centro \u2013 Sede Alemania 66<\/p>\n\n\n\n<p>&#8211;&nbsp;&nbsp;&nbsp;&nbsp;&nbsp;&nbsp;&nbsp;&nbsp;&nbsp;&nbsp; 25\/07 \u2013 Los Algarrobos \u2013 Pte. Per\u00f3n y Torricelli.<\/p>\n\n\n\n<p><a href=\"https:\/\/www.facebook.com\/photo\/?fbid=998900355574474&amp;set=pcb.998900372241139&amp;__cft__[0]=AZUHLCCUaS1iiNhv003X4syHCANhYviVdB6mPwQTbAAMpDYvYpKZvNKJ1jwC3aH8dtVIYdxco3P3MLJzPmFNl9GQBvBHQ9nSDOWA00tFW1ODfNYblj2ZZhTYqV5wpDimZHMki_fJv4VSZbHwUYRTWoRB_p_91EgczhWtmItq573pGB0XOa9h6t_o1eT_lF85MLpaUP9FMImni5AQQ6U3_nnH&amp;__tn__=*bH-R\"><\/a><\/p>\n\n\n\n<p><a href=\"https:\/\/www.facebook.com\/photo\/?fbid=998900352241141&amp;set=pcb.998900372241139&amp;__cft__[0]=AZUHLCCUaS1iiNhv003X4syHCANhYviVdB6mPwQTbAAMpDYvYpKZvNKJ1jwC3aH8dtVIYdxco3P3MLJzPmFNl9GQBvBHQ9nSDOWA00tFW1ODfNYblj2ZZhTYqV5wpDimZHMki_fJv4VSZbHwUYRTWoRB_p_91EgczhWtmItq573pGB0XOa9h6t_o1eT_lF85MLpaUP9FMImni5AQQ6U3_nnH&amp;__tn__=*bH-R\"><\/a><\/p>\n\n\n\n<figure class=\"wp-block-image\"><a href=\"https:\/\/www.facebook.com\/photo\/?fbid=998900352241141&amp;set=pcb.998900372241139&amp;__cft__[0]=AZUHLCCUaS1iiNhv003X4syHCANhYviVdB6mPwQTbAAMpDYvYpKZvNKJ1jwC3aH8dtVIYdxco3P3MLJzPmFNl9GQBvBHQ9nSDOWA00tFW1ODfNYblj2ZZhTYqV5wpDimZHMki_fJv4VSZbHwUYRTWoRB_p_91EgczhWtmItq573pGB0XOa9h6t_o1eT_lF85MLpaUP9FMImni5AQQ6U3_nnH&amp;__tn__=*bH-R\"><img decoding=\"async\" src=\"https:\/\/scontent.fcor2-2.fna.fbcdn.net\/v\/t39.30808-6\/449340538_998900345574475_5686082887002961746_n.jpg?stp=dst-jpg_p600x600&amp;_nc_cat=105&amp;ccb=1-7&amp;_nc_sid=127cfc&amp;_nc_eui2=AeFI5Sue_AJYPcnhcZNtTH3rirtddKLmgM-Ku110ouaAz21p4yhx3vuvvk_-scNwL68&amp;_nc_ohc=kMD6qQPKHoEQ7kNvgHksosv&amp;_nc_ht=scontent.fcor2-2.fna&amp;oh=00_AYC59VvjhSLdTW9MlRI43dw9Y5v0LroCzZMm_mou-xIDKg&amp;oe=6688F674\" alt=\"\"\/><\/a><\/figure>\n","protected":false},"excerpt":{"rendered":"<p>El Gobierno de la ciudad a trav\u00e9s de la Secretar\u00eda de Salud P\u00fablica contin\u00faa con la Campa\u00f1a de Vacunaci\u00f3n Antirr\u00e1bica gratuita para perros y gatos en los distintos Distritos de la ciudad. La misma se llevar\u00e1 cabo en el horario de 9:00 a 12:00hs en los siguientes lugares: &#8211;&nbsp;&nbsp;&nbsp;&nbsp;&nbsp;&nbsp;&nbsp;&nbsp;&nbsp;&nbsp; 04\/07 \u2013 Altos del Valle \u2013 [&hellip;]<\/p>\n","protected":false},"author":1,"featured_media":7497,"comment_status":"closed","ping_status":"closed","sticky":false,"template":"","format":"standard","meta":{"footnotes":""},"categories":[69],"tags":[345],"class_list":["post-7496","post","type-post","status-publish","format-standard","has-post-thumbnail","hentry","category-noticias","tag-destacar"],"_links":{"self":[{"href":"https:\/\/www.nextmultimedio.com\/index.php?rest_route=\/wp\/v2\/posts\/7496","targetHints":{"allow":["GET"]}}],"collection":[{"href":"https:\/\/www.nextmultimedio.com\/index.php?rest_route=\/wp\/v2\/posts"}],"about":[{"href":"https:\/\/www.nextmultimedio.com\/index.php?rest_route=\/wp\/v2\/types\/post"}],"author":[{"embeddable":true,"href":"https:\/\/www.nextmultimedio.com\/index.php?rest_route=\/wp\/v2\/users\/1"}],"replies":[{"embeddable":true,"href":"https:\/\/www.nextmultimedio.com\/index.php?rest_route=%2Fwp%2Fv2%2Fcomments&post=7496"}],"version-history":[{"count":1,"href":"https:\/\/www.nextmultimedio.com\/index.php?rest_route=\/wp\/v2\/posts\/7496\/revisions"}],"predecessor-version":[{"id":7498,"href":"https:\/\/www.nextmultimedio.com\/index.php?rest_route=\/wp\/v2\/posts\/7496\/revisions\/7498"}],"wp:featuredmedia":[{"embeddable":true,"href":"https:\/\/www.nextmultimedio.com\/index.php?rest_route=\/wp\/v2\/media\/7497"}],"wp:attachment":[{"href":"https:\/\/www.nextmultimedio.com\/index.php?rest_route=%2Fwp%2Fv2%2Fmedia&parent=7496"}],"wp:term":[{"taxonomy":"category","embeddable":true,"href":"https:\/\/www.nextmultimedio.com\/index.php?rest_route=%2Fwp%2Fv2%2Fcategories&post=7496"},{"taxonomy":"post_tag","embeddable":true,"href":"https:\/\/www.nextmultimedio.com\/index.php?rest_route=%2Fwp%2Fv2%2Ftags&post=7496"}],"curies":[{"name":"wp","href":"https:\/\/api.w.org\/{rel}","templated":true}]}}