{"id":7381,"date":"2024-06-17T09:39:18","date_gmt":"2024-06-17T12:39:18","guid":{"rendered":"https:\/\/www.nextmultimedio.com\/?p=7381"},"modified":"2024-06-17T09:39:19","modified_gmt":"2024-06-17T12:39:19","slug":"el-parque-del-kempes-cambia-el-horario-para-recibir-la-temporada-invernal","status":"publish","type":"post","link":"https:\/\/www.nextmultimedio.com\/?p=7381","title":{"rendered":"EL PARQUE DEL KEMPES CAMBIA EL HORARIO PARA RECIBIR LA TEMPORADA INVERNAL"},"content":{"rendered":"<div class=\"wp-block-image\">\n<figure class=\"aligncenter size-full is-resized\"><img loading=\"lazy\" decoding=\"async\" width=\"720\" height=\"720\" src=\"https:\/\/www.nextmultimedio.com\/wp-content\/uploads\/2024\/06\/448587282_988454199952423_2064659929490317529_n-1.jpg\" alt=\"\" class=\"wp-image-7382\" style=\"width:720px;height:auto\" srcset=\"https:\/\/www.nextmultimedio.com\/wp-content\/uploads\/2024\/06\/448587282_988454199952423_2064659929490317529_n-1.jpg 720w, https:\/\/www.nextmultimedio.com\/wp-content\/uploads\/2024\/06\/448587282_988454199952423_2064659929490317529_n-1-300x300.jpg 300w\" sizes=\"auto, (max-width: 720px) 100vw, 720px\" \/><\/figure>\n<\/div>\n\n\n<p>El Parque Kempes contin\u00faa siendo unos de los lugares de esparcimiento m\u00e1s elegidos por los cordobeses. A partir de hoy lunes 17 de junio, tiene nuevo horario: abrir\u00e1 sus puertas todos los d\u00edas, de 8 a 20 horas.<\/p>\n\n\n\n<p>Adem\u00e1s, este espacio que forma parte del Polo Deportivo Kempes, cuenta con un circuito de m\u00e1s de 2.500 metros lineales de extensi\u00f3n, por el que se puede realizar caminatas, running o ciclismo a la <a><\/a>vera del R\u00edo Suqu\u00eda.<\/p>\n\n\n\n<p>El Parque del Kempes es uno de los pulmones verdes m\u00e1s importantes con el que cuentan los cordobeses a la hora de compartir y pasear al aire libre.<\/p>\n\n\n\n<p>La comunidad puede disfrutar de sus m\u00e1s de 80 hect\u00e1reas, \u00e1rboles aut\u00f3ctonos y especies ex\u00f3ticas, estaciones aer\u00f3bicas, juegos infantiles y las mejores instalaciones para la pr\u00e1ctica de deportes extremos.<\/p>\n\n\n\n<p>Tambi\u00e9n, se encuentra el Parque de los Deportes, ubicado en el coraz\u00f3n del predio, que cuenta con un bowl, pista de bmx, street plaza y la torre de escalada, entre otros espacios.<\/p>\n\n\n\n<p>Los mismos se encuentran en el lugar donde tambi\u00e9n funcionan las escuelas deportivas del programa CBA X, de la Agencia C\u00f3rdoba Deportes.<\/p>\n\n\n\n<p>El Parque del Kempes es una excelente alternativa para distenderse sin salir de la ciudad.<\/p>\n\n\n\n<p>Est\u00e1 disponible para todos los vecinos, y para un correcto uso y convivencia dentro del mismo, se encuentran disponibles indicaciones y recomendaciones en la carteler\u00eda y se\u00f1al\u00e9tica informativa distribuida en toda su extensi\u00f3n.<\/p>\n\n\n\n<p><a href=\"https:\/\/www.facebook.com\/photo\/?fbid=988454203285756&amp;set=pcb.988454223285754&amp;__cft__[0]=AZXe9y38DjCVVqVCSCa-osqn-x63KhtLx91JcQEL3FWSFJ36mt1SX9RNR_Wo5njQjkXlTLp7ZyAuBATd9dbYKiYE1op07dIlHS_Vq52iwzk9ZNzlgY0u82Hsvmm0tGxQm15G-X61vg-e0QH9WB5YLmTxSLI6l38I5kR7i0oOwa8maBR6_RMwYtt6DMn1_EWQgahoUtApduOSQvOzcEW4cn60&amp;__tn__=*bH-R\"><\/a><\/p>\n\n\n\n<p><a href=\"https:\/\/www.facebook.com\/photo\/?fbid=988454163285760&amp;set=pcb.988454223285754&amp;__cft__[0]=AZXe9y38DjCVVqVCSCa-osqn-x63KhtLx91JcQEL3FWSFJ36mt1SX9RNR_Wo5njQjkXlTLp7ZyAuBATd9dbYKiYE1op07dIlHS_Vq52iwzk9ZNzlgY0u82Hsvmm0tGxQm15G-X61vg-e0QH9WB5YLmTxSLI6l38I5kR7i0oOwa8maBR6_RMwYtt6DMn1_EWQgahoUtApduOSQvOzcEW4cn60&amp;__tn__=*bH-R\"><\/a><\/p>\n\n\n<div class=\"wp-block-image\">\n<figure class=\"aligncenter\"><a href=\"https:\/\/www.facebook.com\/photo\/?fbid=988454163285760&amp;set=pcb.988454223285754&amp;__cft__[0]=AZXe9y38DjCVVqVCSCa-osqn-x63KhtLx91JcQEL3FWSFJ36mt1SX9RNR_Wo5njQjkXlTLp7ZyAuBATd9dbYKiYE1op07dIlHS_Vq52iwzk9ZNzlgY0u82Hsvmm0tGxQm15G-X61vg-e0QH9WB5YLmTxSLI6l38I5kR7i0oOwa8maBR6_RMwYtt6DMn1_EWQgahoUtApduOSQvOzcEW4cn60&amp;__tn__=*bH-R\"><img decoding=\"async\" src=\"https:\/\/scontent.fcor2-1.fna.fbcdn.net\/v\/t39.30808-6\/448587737_988454166619093_8696672790016101169_n.jpg?_nc_cat=103&amp;ccb=1-7&amp;_nc_sid=5f2048&amp;_nc_eui2=AeH_pe3l_8KfQN-rc4raL7ZmTAiIQwTuyNxMCIhDBO7I3IZ46Q_O_vBtK91q79wQxyE&amp;_nc_ohc=b6CQdW-n2iMQ7kNvgFcAL3K&amp;_nc_ht=scontent.fcor2-1.fna&amp;oh=00_AYCES6ixFXadTu4ztzpkWpgegJLGuWuO2LEPG2yA3V1UdQ&amp;oe=66761387\" alt=\"\"\/><\/a><\/figure>\n<\/div>","protected":false},"excerpt":{"rendered":"<p>El Parque Kempes contin\u00faa siendo unos de los lugares de esparcimiento m\u00e1s elegidos por los cordobeses. A partir de hoy lunes 17 de junio, tiene nuevo horario: abrir\u00e1 sus puertas todos los d\u00edas, de 8 a 20 horas. Adem\u00e1s, este espacio que forma parte del Polo Deportivo Kempes, cuenta con un circuito de m\u00e1s de [&hellip;]<\/p>\n","protected":false},"author":1,"featured_media":7382,"comment_status":"closed","ping_status":"closed","sticky":false,"template":"","format":"standard","meta":{"footnotes":""},"categories":[69],"tags":[345],"class_list":["post-7381","post","type-post","status-publish","format-standard","has-post-thumbnail","hentry","category-noticias","tag-destacar"],"_links":{"self":[{"href":"https:\/\/www.nextmultimedio.com\/index.php?rest_route=\/wp\/v2\/posts\/7381","targetHints":{"allow":["GET"]}}],"collection":[{"href":"https:\/\/www.nextmultimedio.com\/index.php?rest_route=\/wp\/v2\/posts"}],"about":[{"href":"https:\/\/www.nextmultimedio.com\/index.php?rest_route=\/wp\/v2\/types\/post"}],"author":[{"embeddable":true,"href":"https:\/\/www.nextmultimedio.com\/index.php?rest_route=\/wp\/v2\/users\/1"}],"replies":[{"embeddable":true,"href":"https:\/\/www.nextmultimedio.com\/index.php?rest_route=%2Fwp%2Fv2%2Fcomments&post=7381"}],"version-history":[{"count":1,"href":"https:\/\/www.nextmultimedio.com\/index.php?rest_route=\/wp\/v2\/posts\/7381\/revisions"}],"predecessor-version":[{"id":7383,"href":"https:\/\/www.nextmultimedio.com\/index.php?rest_route=\/wp\/v2\/posts\/7381\/revisions\/7383"}],"wp:featuredmedia":[{"embeddable":true,"href":"https:\/\/www.nextmultimedio.com\/index.php?rest_route=\/wp\/v2\/media\/7382"}],"wp:attachment":[{"href":"https:\/\/www.nextmultimedio.com\/index.php?rest_route=%2Fwp%2Fv2%2Fmedia&parent=7381"}],"wp:term":[{"taxonomy":"category","embeddable":true,"href":"https:\/\/www.nextmultimedio.com\/index.php?rest_route=%2Fwp%2Fv2%2Fcategories&post=7381"},{"taxonomy":"post_tag","embeddable":true,"href":"https:\/\/www.nextmultimedio.com\/index.php?rest_route=%2Fwp%2Fv2%2Ftags&post=7381"}],"curies":[{"name":"wp","href":"https:\/\/api.w.org\/{rel}","templated":true}]}}