{"id":7060,"date":"2024-05-13T17:57:41","date_gmt":"2024-05-13T20:57:41","guid":{"rendered":"https:\/\/www.nextmultimedio.com\/?p=7060"},"modified":"2024-05-13T17:57:42","modified_gmt":"2024-05-13T20:57:42","slug":"semana-del-parto-respetado","status":"publish","type":"post","link":"https:\/\/www.nextmultimedio.com\/?p=7060","title":{"rendered":"SEMANA DEL PARTO RESPETADO"},"content":{"rendered":"<div class=\"wp-block-image\">\n<figure class=\"aligncenter size-full\"><img loading=\"lazy\" decoding=\"async\" width=\"526\" height=\"526\" src=\"https:\/\/www.nextmultimedio.com\/wp-content\/uploads\/2024\/05\/440939951_963546875776489_2949777178204967847_n.jpg\" alt=\"\" class=\"wp-image-7061\" srcset=\"https:\/\/www.nextmultimedio.com\/wp-content\/uploads\/2024\/05\/440939951_963546875776489_2949777178204967847_n.jpg 526w, https:\/\/www.nextmultimedio.com\/wp-content\/uploads\/2024\/05\/440939951_963546875776489_2949777178204967847_n-300x300.jpg 300w\" sizes=\"auto, (max-width: 526px) 100vw, 526px\" \/><\/figure>\n<\/div>\n\n\n<p>Desde la Secretaria de Salud P\u00fablica del Gobierno de la Ciudad se realizaran actividades en el marco de la Semana Mundial del Parto Respetado en este mes de mayo.<\/p>\n\n\n\n<p>El pr\u00f3ximo martes 14 de mayo a las 10hs, se llevar\u00e1 adelante en el sal\u00f3n de usos m\u00faltiples del Hospital Gumersindo Sayago, la charla denominada \u201c\u201cAtenci\u00f3n del parto y nacimiento en nuestro hospital\u201d, Ley de Parto Respetado.<\/p>\n\n\n\n<p>En <a><\/a>tanto, el jueves 16 de mayo a las 10hs, tambi\u00e9n en el SUM del nosocomio local habr\u00e1 una clase de Movimiento y conciencia corporal.<\/p>\n\n\n\n<p>Todas estas actividades son destinadas a personas gestantes y sus familias y estar\u00e1n a cargo del equipo de acompa\u00f1amiento de Parto y Nacimiento de la Secretar\u00eda de Salud P\u00fablica<\/p>\n\n\n\n<p><a href=\"https:\/\/www.facebook.com\/photo\/?fbid=963546882443155&amp;set=a.356501556481027&amp;__cft__[0]=AZXLPCrY82Y10BIcpLLqYxF2vO6ap88WjSxhROV6_pkFSu46g_BxwHgS2mdS0hvfzI_VIW__nb_17ugEGIDZcHFdqKKvj2KziYKbZYADlyjuyD_CLZ__cdMQfH2e4fZD1kLJ5FTw_tYLfTB-t_ch4R9zyrl0lIChF4bDN_4Rx6QMy3ZyExpmSdZi_SbfeztVDhdovchX3-WA_ahRDQhWv4rF&amp;__tn__=EH-R\"><\/a><\/p>\n","protected":false},"excerpt":{"rendered":"<p>Desde la Secretaria de Salud P\u00fablica del Gobierno de la Ciudad se realizaran actividades en el marco de la Semana Mundial del Parto Respetado en este mes de mayo. El pr\u00f3ximo martes 14 de mayo a las 10hs, se llevar\u00e1 adelante en el sal\u00f3n de usos m\u00faltiples del Hospital Gumersindo Sayago, la charla denominada \u201c\u201cAtenci\u00f3n [&hellip;]<\/p>\n","protected":false},"author":1,"featured_media":7061,"comment_status":"closed","ping_status":"closed","sticky":false,"template":"","format":"standard","meta":{"footnotes":""},"categories":[69],"tags":[345],"class_list":["post-7060","post","type-post","status-publish","format-standard","has-post-thumbnail","hentry","category-noticias","tag-destacar"],"_links":{"self":[{"href":"https:\/\/www.nextmultimedio.com\/index.php?rest_route=\/wp\/v2\/posts\/7060","targetHints":{"allow":["GET"]}}],"collection":[{"href":"https:\/\/www.nextmultimedio.com\/index.php?rest_route=\/wp\/v2\/posts"}],"about":[{"href":"https:\/\/www.nextmultimedio.com\/index.php?rest_route=\/wp\/v2\/types\/post"}],"author":[{"embeddable":true,"href":"https:\/\/www.nextmultimedio.com\/index.php?rest_route=\/wp\/v2\/users\/1"}],"replies":[{"embeddable":true,"href":"https:\/\/www.nextmultimedio.com\/index.php?rest_route=%2Fwp%2Fv2%2Fcomments&post=7060"}],"version-history":[{"count":1,"href":"https:\/\/www.nextmultimedio.com\/index.php?rest_route=\/wp\/v2\/posts\/7060\/revisions"}],"predecessor-version":[{"id":7062,"href":"https:\/\/www.nextmultimedio.com\/index.php?rest_route=\/wp\/v2\/posts\/7060\/revisions\/7062"}],"wp:featuredmedia":[{"embeddable":true,"href":"https:\/\/www.nextmultimedio.com\/index.php?rest_route=\/wp\/v2\/media\/7061"}],"wp:attachment":[{"href":"https:\/\/www.nextmultimedio.com\/index.php?rest_route=%2Fwp%2Fv2%2Fmedia&parent=7060"}],"wp:term":[{"taxonomy":"category","embeddable":true,"href":"https:\/\/www.nextmultimedio.com\/index.php?rest_route=%2Fwp%2Fv2%2Fcategories&post=7060"},{"taxonomy":"post_tag","embeddable":true,"href":"https:\/\/www.nextmultimedio.com\/index.php?rest_route=%2Fwp%2Fv2%2Ftags&post=7060"}],"curies":[{"name":"wp","href":"https:\/\/api.w.org\/{rel}","templated":true}]}}