{"id":7032,"date":"2024-05-09T20:01:26","date_gmt":"2024-05-09T23:01:26","guid":{"rendered":"https:\/\/www.nextmultimedio.com\/?p=7032"},"modified":"2024-05-09T20:03:02","modified_gmt":"2024-05-09T23:03:02","slug":"el-circo-llega-a-playas-de-oro","status":"publish","type":"post","link":"https:\/\/www.nextmultimedio.com\/?p=7032","title":{"rendered":"EL CIRCO LLEGA A PLAYAS DE ORO"},"content":{"rendered":"<div class=\"wp-block-image\">\n<figure class=\"aligncenter size-full\"><img loading=\"lazy\" decoding=\"async\" width=\"569\" height=\"569\" src=\"https:\/\/www.nextmultimedio.com\/wp-content\/uploads\/2024\/05\/438205623_947518640712646_5097632274279516765_n-1.jpg\" alt=\"\" class=\"wp-image-7033\" srcset=\"https:\/\/www.nextmultimedio.com\/wp-content\/uploads\/2024\/05\/438205623_947518640712646_5097632274279516765_n-1.jpg 569w, https:\/\/www.nextmultimedio.com\/wp-content\/uploads\/2024\/05\/438205623_947518640712646_5097632274279516765_n-1-300x300.jpg 300w\" sizes=\"auto, (max-width: 569px) 100vw, 569px\" \/><\/figure>\n<\/div>\n\n\n<p>Con la organizaci\u00f3n de la Direcci\u00f3n de Cultura Municipal, este viernes 10 de mayo a las 18 hs., en la sede del centro vecinal Playas de Oro ubicada en costanera Perito Moreno y Belgrado, se llevar\u00e1 a cabo un nuevo encuentro del ciclo \u201cCulturArte Kids\u201d orientada a ni\u00f1os y sus familias, con distintas presentaciones de la Escuela Municipal de Circo que recorrer\u00e1 diferentes sectores de la ciudad, todos los d\u00edas viernes.<\/p>\n\n\n\n<p>El <a><\/a>programa continuar\u00e1 de la siguiente manera:<\/p>\n\n\n\n<p>Viernes 17 de mayo: Centro vecinal Villa Independencia.<\/p>\n\n\n\n<p>Viernes 24&nbsp; de mayo: Centro vecinal Cuc\u00fa.<\/p>\n\n\n\n<p>Viernes 31 de mayo: Centro vecinal Las Rosas Centro.<\/p>\n\n\n\n<p>Aquellos interesados en disfrutar de este espect\u00e1culo pueden concurrir a la direcci\u00f3n citada anteriormente, con entrada libre y gratuita.<\/p>\n\n\n\n<p><a href=\"https:\/\/www.facebook.com\/photo\/?fbid=960166346114542&amp;set=a.356501556481027&amp;__cft__[0]=AZWruxxfy3eXWhyTAChyaxHFUUsRfdmqCyxUbWAT3za0vcyfTlG4uxjW9jaMFTh6EfKwbML0dT8UkO1Wp-NLNciTEBIkOkXGatsPd_JmZMcI0Gns3S7MiHO23l16cuGod0rP8VlsYwbHeHPmJbGX0SU5sNJfhO8wrtvXh6wArC7Keva_da5gIc2qX7mdgNs5A6uNIYvxMKU5aEMb6ysFkxHp&amp;__tn__=EH-R\"><\/a><\/p>\n","protected":false},"excerpt":{"rendered":"<p>Con la organizaci\u00f3n de la Direcci\u00f3n de Cultura Municipal, este viernes 10 de mayo a las 18 hs., en la sede del centro vecinal Playas de Oro ubicada en costanera Perito Moreno y Belgrado, se llevar\u00e1 a cabo un nuevo encuentro del ciclo \u201cCulturArte Kids\u201d orientada a ni\u00f1os y sus familias, con distintas presentaciones de [&hellip;]<\/p>\n","protected":false},"author":1,"featured_media":7033,"comment_status":"closed","ping_status":"closed","sticky":false,"template":"","format":"standard","meta":{"footnotes":""},"categories":[69],"tags":[345],"class_list":["post-7032","post","type-post","status-publish","format-standard","has-post-thumbnail","hentry","category-noticias","tag-destacar"],"_links":{"self":[{"href":"https:\/\/www.nextmultimedio.com\/index.php?rest_route=\/wp\/v2\/posts\/7032","targetHints":{"allow":["GET"]}}],"collection":[{"href":"https:\/\/www.nextmultimedio.com\/index.php?rest_route=\/wp\/v2\/posts"}],"about":[{"href":"https:\/\/www.nextmultimedio.com\/index.php?rest_route=\/wp\/v2\/types\/post"}],"author":[{"embeddable":true,"href":"https:\/\/www.nextmultimedio.com\/index.php?rest_route=\/wp\/v2\/users\/1"}],"replies":[{"embeddable":true,"href":"https:\/\/www.nextmultimedio.com\/index.php?rest_route=%2Fwp%2Fv2%2Fcomments&post=7032"}],"version-history":[{"count":1,"href":"https:\/\/www.nextmultimedio.com\/index.php?rest_route=\/wp\/v2\/posts\/7032\/revisions"}],"predecessor-version":[{"id":7034,"href":"https:\/\/www.nextmultimedio.com\/index.php?rest_route=\/wp\/v2\/posts\/7032\/revisions\/7034"}],"wp:featuredmedia":[{"embeddable":true,"href":"https:\/\/www.nextmultimedio.com\/index.php?rest_route=\/wp\/v2\/media\/7033"}],"wp:attachment":[{"href":"https:\/\/www.nextmultimedio.com\/index.php?rest_route=%2Fwp%2Fv2%2Fmedia&parent=7032"}],"wp:term":[{"taxonomy":"category","embeddable":true,"href":"https:\/\/www.nextmultimedio.com\/index.php?rest_route=%2Fwp%2Fv2%2Fcategories&post=7032"},{"taxonomy":"post_tag","embeddable":true,"href":"https:\/\/www.nextmultimedio.com\/index.php?rest_route=%2Fwp%2Fv2%2Ftags&post=7032"}],"curies":[{"name":"wp","href":"https:\/\/api.w.org\/{rel}","templated":true}]}}