{"id":6989,"date":"2024-05-06T20:30:43","date_gmt":"2024-05-06T23:30:43","guid":{"rendered":"https:\/\/www.nextmultimedio.com\/?p=6989"},"modified":"2024-05-06T20:30:43","modified_gmt":"2024-05-06T23:30:43","slug":"charla-gratuita-para-obtener-la-ciudadania-espanola","status":"publish","type":"post","link":"https:\/\/www.nextmultimedio.com\/?p=6989","title":{"rendered":"CHARLA GRATUITA PARA OBTENER LA CIUDADAN\u00cdA ESPA\u00d1OLA"},"content":{"rendered":"<div class=\"wp-block-image\">\n<figure class=\"aligncenter size-full is-resized\"><img loading=\"lazy\" decoding=\"async\" width=\"300\" height=\"168\" src=\"https:\/\/www.nextmultimedio.com\/wp-content\/uploads\/2024\/05\/descarga-14.jpg\" alt=\"\" class=\"wp-image-6990\" style=\"width:625px;height:auto\"\/><\/figure>\n<\/div>\n\n\n<p>El Centro Espa\u00f1ol de Villa Carlos Paz, invita a hijos, nietos y bisnietos de espa\u00f1oles que quieran obtener la nacionalidad espa\u00f1ola, a la charla explicativa que brindar\u00e1 el Presidente del CRE (Consejo de Residente Espa\u00f1oles), de la demarcaci\u00f3n consular C\u00f3rdoba, Prof. Gustavo Yepes, sobre los alcances de la Ley 20\/2022 del Gobierno Espa\u00f1ol, que ha sido prorrogada por un&nbsp; a\u00f1o, hasta el 2025.<\/p>\n\n\n\n<p>La cita es el pr\u00f3ximo viernes 10 de <a><\/a>mayo, a las 18:30 hs., en el sal\u00f3n Auditorio de la Municipalidad de Villa Carlos Paz (Liniers 50).<\/p>\n\n\n\n<p>En la oportunidad, el Presidente del CRE dar\u00e1 precisiones respecto a la tramitaci\u00f3n y requisitos para lograr la nacionalidad espa\u00f1ola; qui\u00e9nes est\u00e1n en condiciones de obtenerla y qui\u00e9nes no.<\/p>\n\n\n\n<p>Asimismo, se dar\u00e1n instrucciones de c\u00f3mo se llenan los formularios, cu\u00e1les son los necesarios y cu\u00e1les no.<\/p>\n\n\n\n<p>Los interesados deben inscribirse enviando nombre completo, n\u00famero telef\u00f3nico y direcci\u00f3n de correo electr\u00f3nico a los siguientes whatsapps: 3541-628218 \/ 555076\/ 526720\/ 520413.<\/p>\n\n\n\n<p><a href=\"https:\/\/www.facebook.com\/photo\/?fbid=957868713010972&amp;set=a.356501556481027&amp;__cft__[0]=AZVKXLqz_0w1h1lZCIE0SWYFS-M8bA4uGinxI8M_O8JOSCjsy6QaGCME6YGFyi4PbLnTIHXRWoTdrz_AeHXfAw0btx2FrJXZ3y-7BKmoA14_LpVA-8w8K6E18490-ZDqkUMUWbIWXMpGNxBR8eD-WG8YyMJwqFKsKfUdRg9-9z8ykevFHCoGSyLqDJywlenLSZ4PrXoxrAPC8X6Zs6dHqEsC&amp;__tn__=EH-R\"><\/a><\/p>\n\n\n\n<figure class=\"wp-block-image\"><a href=\"https:\/\/www.facebook.com\/photo\/?fbid=957868713010972&amp;set=a.356501556481027&amp;__cft__[0]=AZVKXLqz_0w1h1lZCIE0SWYFS-M8bA4uGinxI8M_O8JOSCjsy6QaGCME6YGFyi4PbLnTIHXRWoTdrz_AeHXfAw0btx2FrJXZ3y-7BKmoA14_LpVA-8w8K6E18490-ZDqkUMUWbIWXMpGNxBR8eD-WG8YyMJwqFKsKfUdRg9-9z8ykevFHCoGSyLqDJywlenLSZ4PrXoxrAPC8X6Zs6dHqEsC&amp;__tn__=EH-R\"><img decoding=\"async\" src=\"https:\/\/scontent.fcor2-2.fna.fbcdn.net\/v\/t39.30808-6\/440361550_957868709677639_6500631296961310311_n.jpg?stp=dst-jpg_p180x540&amp;_nc_cat=106&amp;ccb=1-7&amp;_nc_sid=5f2048&amp;_nc_eui2=AeGG4G_8fN_omcLj56RmaHl-v3Po07wa_3C_c-jTvBr_cA_5T9tOXMsCwXOkxZQykTw&amp;_nc_ohc=zXwWOK9Xw24Q7kNvgEraGha&amp;_nc_ht=scontent.fcor2-2.fna&amp;oh=00_AfDMG1BW0kgfS6AIZO0WxX0TK1twrLBWReO5JqtH4EGQKQ&amp;oe=663F3909\" alt=\"Puede ser una imagen de texto\"\/><\/a><\/figure>\n","protected":false},"excerpt":{"rendered":"<p>El Centro Espa\u00f1ol de Villa Carlos Paz, invita a hijos, nietos y bisnietos de espa\u00f1oles que quieran obtener la nacionalidad espa\u00f1ola, a la charla explicativa que brindar\u00e1 el Presidente del CRE (Consejo de Residente Espa\u00f1oles), de la demarcaci\u00f3n consular C\u00f3rdoba, Prof. Gustavo Yepes, sobre los alcances de la Ley 20\/2022 del Gobierno Espa\u00f1ol, que ha [&hellip;]<\/p>\n","protected":false},"author":1,"featured_media":6990,"comment_status":"closed","ping_status":"closed","sticky":false,"template":"","format":"standard","meta":{"footnotes":""},"categories":[69],"tags":[345],"class_list":["post-6989","post","type-post","status-publish","format-standard","has-post-thumbnail","hentry","category-noticias","tag-destacar"],"_links":{"self":[{"href":"https:\/\/www.nextmultimedio.com\/index.php?rest_route=\/wp\/v2\/posts\/6989","targetHints":{"allow":["GET"]}}],"collection":[{"href":"https:\/\/www.nextmultimedio.com\/index.php?rest_route=\/wp\/v2\/posts"}],"about":[{"href":"https:\/\/www.nextmultimedio.com\/index.php?rest_route=\/wp\/v2\/types\/post"}],"author":[{"embeddable":true,"href":"https:\/\/www.nextmultimedio.com\/index.php?rest_route=\/wp\/v2\/users\/1"}],"replies":[{"embeddable":true,"href":"https:\/\/www.nextmultimedio.com\/index.php?rest_route=%2Fwp%2Fv2%2Fcomments&post=6989"}],"version-history":[{"count":1,"href":"https:\/\/www.nextmultimedio.com\/index.php?rest_route=\/wp\/v2\/posts\/6989\/revisions"}],"predecessor-version":[{"id":6991,"href":"https:\/\/www.nextmultimedio.com\/index.php?rest_route=\/wp\/v2\/posts\/6989\/revisions\/6991"}],"wp:featuredmedia":[{"embeddable":true,"href":"https:\/\/www.nextmultimedio.com\/index.php?rest_route=\/wp\/v2\/media\/6990"}],"wp:attachment":[{"href":"https:\/\/www.nextmultimedio.com\/index.php?rest_route=%2Fwp%2Fv2%2Fmedia&parent=6989"}],"wp:term":[{"taxonomy":"category","embeddable":true,"href":"https:\/\/www.nextmultimedio.com\/index.php?rest_route=%2Fwp%2Fv2%2Fcategories&post=6989"},{"taxonomy":"post_tag","embeddable":true,"href":"https:\/\/www.nextmultimedio.com\/index.php?rest_route=%2Fwp%2Fv2%2Ftags&post=6989"}],"curies":[{"name":"wp","href":"https:\/\/api.w.org\/{rel}","templated":true}]}}