{"id":6928,"date":"2024-04-30T10:05:37","date_gmt":"2024-04-30T13:05:37","guid":{"rendered":"https:\/\/www.nextmultimedio.com\/?p=6928"},"modified":"2024-04-30T10:05:37","modified_gmt":"2024-04-30T13:05:37","slug":"juntos-hacemos-una-ciudad-sostenible","status":"publish","type":"post","link":"https:\/\/www.nextmultimedio.com\/?p=6928","title":{"rendered":"&#8220;JUNTOS HACEMOS UNA CIUDAD SOSTENIBLE&#8221;"},"content":{"rendered":"\n<figure class=\"wp-block-image size-full\"><img loading=\"lazy\" decoding=\"async\" width=\"720\" height=\"720\" src=\"https:\/\/www.nextmultimedio.com\/wp-content\/uploads\/2024\/04\/438205943_952703473527496_4982854672317656191_n.jpg\" alt=\"\" class=\"wp-image-6929\" srcset=\"https:\/\/www.nextmultimedio.com\/wp-content\/uploads\/2024\/04\/438205943_952703473527496_4982854672317656191_n.jpg 720w, https:\/\/www.nextmultimedio.com\/wp-content\/uploads\/2024\/04\/438205943_952703473527496_4982854672317656191_n-300x300.jpg 300w\" sizes=\"auto, (max-width: 720px) 100vw, 720px\" \/><\/figure>\n\n\n\n<p>El Municipio de Villa Carlos Paz present\u00f3 el Programa Compromiso Ambiental Comunitario que tiene como objetivo el compromiso conjunto entre los ciudadanos, las instituciones intermedias y el Municipio, con la limpieza y la protecci\u00f3n de nuestros espacios p\u00fablicos. En nuestra ciudad las plazas, la naturaleza y los espacios p\u00fablicos de cada barrio forman parte de la identidad de cada lugar.<\/p>\n\n\n\n<p>Este programa se realizar\u00e1 cada fin de semana en <a><\/a>diferentes barrios con la participaci\u00f3n de la comunidad e instituciones intermedias en el mantenimiento de los espacios p\u00fablicos como parques, plazas, espacios verdes, costas del lago y r\u00edos, as\u00ed como la conservaci\u00f3n de \u00e1reas protegidas y \u00e1reas de inter\u00e9s ambiental.<\/p>\n\n\n\n<p>Adem\u00e1s, uno de los grandes desaf\u00edos del presente programa ser\u00e1 la erradicaci\u00f3n de los microbasurales que se presentan en distintos sectores de la ciudad.<\/p>\n\n\n\n<p>En este sentido se plantea poner en marcha este programa que involucra a los vecinos e instituciones trabajando de manera conjunta con el Municipio en jornadas colaborativas y de voluntariado.<\/p>\n\n\n\n<p>Desde el Municipio se eval\u00faa de manera permanente el estado de conservaci\u00f3n de las \u00e1reas naturales y protegidas, identificando los requerimientos y prioridades de intervenci\u00f3n. Adem\u00e1s se realiza un monitoreo constante de los caminos y espacios verdes, realizando operativos de limpieza.<\/p>\n\n\n\n<p>Para tener una ciudad sostenible es central en la participaci\u00f3n y el compromiso de los ciudadanos, con una apropiaci\u00f3n y pertenencia en los lugares de cada barrio, plaza y espacio de la ciudad.<\/p>\n\n\n\n<p><a href=\"https:\/\/www.facebook.com\/photo\/?fbid=952703483527495&amp;set=pcb.952703553527488&amp;__cft__[0]=AZVHAVR1qOX6NBkOwKNCRcA6SdGgXyxW5OoWkf68b5C-YLBi928onU63ET1pcItCl-umotcPM_gpyEwSahK7aApkA8ylnSbhStWru3JPTak_T8__LE_3Bul0uLoHQVM3gI0wpivwfi5WdbVabHCuDNsidblWhQCxmdj62Je8q1MrfZJCHSnLkyPsPL3h7C9atsrVeaZSYxUQtoE6QgbAC_20&amp;__tn__=*bH-R\"><\/a><\/p>\n\n\n\n<figure class=\"wp-block-image\"><a href=\"https:\/\/www.facebook.com\/photo\/?fbid=952703483527495&amp;set=pcb.952703553527488&amp;__cft__[0]=AZVHAVR1qOX6NBkOwKNCRcA6SdGgXyxW5OoWkf68b5C-YLBi928onU63ET1pcItCl-umotcPM_gpyEwSahK7aApkA8ylnSbhStWru3JPTak_T8__LE_3Bul0uLoHQVM3gI0wpivwfi5WdbVabHCuDNsidblWhQCxmdj62Je8q1MrfZJCHSnLkyPsPL3h7C9atsrVeaZSYxUQtoE6QgbAC_20&amp;__tn__=*bH-R\"><img decoding=\"async\" src=\"https:\/\/scontent.fcor2-2.fna.fbcdn.net\/v\/t39.30808-6\/438205943_952703473527496_4982854672317656191_n.jpg?stp=dst-jpg_p600x600&amp;_nc_cat=100&amp;ccb=1-7&amp;_nc_sid=5f2048&amp;_nc_eui2=AeHOkFhbi42tKomW9CEGW9Ex2CSbuBuuHFHYJJu4G64cUeIyDh_r1FHugkbqxUr40Dk&amp;_nc_ohc=CK1b9dY0f9kQ7kNvgEWbnRF&amp;_nc_ht=scontent.fcor2-2.fna&amp;oh=00_AfBNFTnHLmlFGjEVBR5skE1rLORB10lKPrYwnRg7lJr3ww&amp;oe=6636AFB8\" alt=\"\"\/><\/a><\/figure>\n\n\n\n<p><a href=\"https:\/\/www.facebook.com\/photo\/?fbid=952703486860828&amp;set=pcb.952703553527488&amp;__cft__[0]=AZVHAVR1qOX6NBkOwKNCRcA6SdGgXyxW5OoWkf68b5C-YLBi928onU63ET1pcItCl-umotcPM_gpyEwSahK7aApkA8ylnSbhStWru3JPTak_T8__LE_3Bul0uLoHQVM3gI0wpivwfi5WdbVabHCuDNsidblWhQCxmdj62Je8q1MrfZJCHSnLkyPsPL3h7C9atsrVeaZSYxUQtoE6QgbAC_20&amp;__tn__=*bH-R\"><\/a><\/p>\n\n\n\n<figure class=\"wp-block-image\"><a href=\"https:\/\/www.facebook.com\/photo\/?fbid=952703486860828&amp;set=pcb.952703553527488&amp;__cft__[0]=AZVHAVR1qOX6NBkOwKNCRcA6SdGgXyxW5OoWkf68b5C-YLBi928onU63ET1pcItCl-umotcPM_gpyEwSahK7aApkA8ylnSbhStWru3JPTak_T8__LE_3Bul0uLoHQVM3gI0wpivwfi5WdbVabHCuDNsidblWhQCxmdj62Je8q1MrfZJCHSnLkyPsPL3h7C9atsrVeaZSYxUQtoE6QgbAC_20&amp;__tn__=*bH-R\"><img decoding=\"async\" src=\"https:\/\/scontent.fcor2-2.fna.fbcdn.net\/v\/t39.30808-6\/438242903_952703466860830_2880196642096919949_n.jpg?stp=dst-jpg_p600x600&amp;_nc_cat=104&amp;ccb=1-7&amp;_nc_sid=5f2048&amp;_nc_eui2=AeHaUGAvhl31XP5MiNFIhh5hFVvSGF1QQNAVW9IYXVBA0FqgZnyuIpsFViXxS4OtfeM&amp;_nc_ohc=jbSaXSFwzVQQ7kNvgGo75fF&amp;_nc_ht=scontent.fcor2-2.fna&amp;oh=00_AfCDiQi4aT8rVmg2Npyy_tRIFO15oPE8wGDzD0u-UTZOhw&amp;oe=6636AFB9\" alt=\"\"\/><\/a><\/figure>\n\n\n\n<p><a href=\"https:\/\/www.facebook.com\/photo\/?fbid=952703480194162&amp;set=pcb.952703553527488&amp;__cft__[0]=AZVHAVR1qOX6NBkOwKNCRcA6SdGgXyxW5OoWkf68b5C-YLBi928onU63ET1pcItCl-umotcPM_gpyEwSahK7aApkA8ylnSbhStWru3JPTak_T8__LE_3Bul0uLoHQVM3gI0wpivwfi5WdbVabHCuDNsidblWhQCxmdj62Je8q1MrfZJCHSnLkyPsPL3h7C9atsrVeaZSYxUQtoE6QgbAC_20&amp;__tn__=*bH-R\"><\/a><\/p>\n\n\n\n<figure class=\"wp-block-image\"><a href=\"https:\/\/www.facebook.com\/photo\/?fbid=952703480194162&amp;set=pcb.952703553527488&amp;__cft__[0]=AZVHAVR1qOX6NBkOwKNCRcA6SdGgXyxW5OoWkf68b5C-YLBi928onU63ET1pcItCl-umotcPM_gpyEwSahK7aApkA8ylnSbhStWru3JPTak_T8__LE_3Bul0uLoHQVM3gI0wpivwfi5WdbVabHCuDNsidblWhQCxmdj62Je8q1MrfZJCHSnLkyPsPL3h7C9atsrVeaZSYxUQtoE6QgbAC_20&amp;__tn__=*bH-R\"><img decoding=\"async\" src=\"https:\/\/scontent.fcor2-2.fna.fbcdn.net\/v\/t39.30808-6\/438275664_952703463527497_2447772674365336674_n.jpg?stp=dst-jpg_p600x600&amp;_nc_cat=105&amp;ccb=1-7&amp;_nc_sid=5f2048&amp;_nc_eui2=AeGj_3-4zbkfnubrQqgHUz-eQ3YEA3uj_9RDdgQDe6P_1MxsQ2836iZFwgsEDnmfMgI&amp;_nc_ohc=QNR36xi6blwQ7kNvgFLZotI&amp;_nc_ht=scontent.fcor2-2.fna&amp;oh=00_AfD1AwaW7Au3guMxhc2vjzUJv5rFDSGlL8K-bxMCgD3nFQ&amp;oe=6636D4DC\" alt=\"\"\/><\/a><\/figure>\n\n\n\n<p><a href=\"https:\/\/www.facebook.com\/photo\/?fbid=952703496860827&amp;set=pcb.952703553527488&amp;__cft__[0]=AZVHAVR1qOX6NBkOwKNCRcA6SdGgXyxW5OoWkf68b5C-YLBi928onU63ET1pcItCl-umotcPM_gpyEwSahK7aApkA8ylnSbhStWru3JPTak_T8__LE_3Bul0uLoHQVM3gI0wpivwfi5WdbVabHCuDNsidblWhQCxmdj62Je8q1MrfZJCHSnLkyPsPL3h7C9atsrVeaZSYxUQtoE6QgbAC_20&amp;__tn__=*bH-R\"><\/a><\/p>\n\n\n\n<figure class=\"wp-block-image\"><a href=\"https:\/\/www.facebook.com\/photo\/?fbid=952703496860827&amp;set=pcb.952703553527488&amp;__cft__[0]=AZVHAVR1qOX6NBkOwKNCRcA6SdGgXyxW5OoWkf68b5C-YLBi928onU63ET1pcItCl-umotcPM_gpyEwSahK7aApkA8ylnSbhStWru3JPTak_T8__LE_3Bul0uLoHQVM3gI0wpivwfi5WdbVabHCuDNsidblWhQCxmdj62Je8q1MrfZJCHSnLkyPsPL3h7C9atsrVeaZSYxUQtoE6QgbAC_20&amp;__tn__=*bH-R\"><img decoding=\"async\" src=\"https:\/\/scontent.fcor2-2.fna.fbcdn.net\/v\/t39.30808-6\/438240711_952703470194163_5740243391555709981_n.jpg?stp=dst-jpg_p600x600&amp;_nc_cat=104&amp;ccb=1-7&amp;_nc_sid=5f2048&amp;_nc_eui2=AeHDL79n_oUoIEa0EKprnvxmfsNP7ZYoZSN-w0_tlihlI711ggDteQCBTy-67t9SFqM&amp;_nc_ohc=nKZzEvilh7YQ7kNvgGMvc47&amp;_nc_ht=scontent.fcor2-2.fna&amp;oh=00_AfBfsrfZrpcB9LhycgcHgVY-uLY5pNLgkMg-XjyJCVQxOg&amp;oe=6636C8F0\" alt=\"\"\/><\/a><\/figure>\n\n\n\n<p><a href=\"https:\/\/www.facebook.com\/photo\/?fbid=952703490194161&amp;set=pcb.952703553527488&amp;__cft__[0]=AZVHAVR1qOX6NBkOwKNCRcA6SdGgXyxW5OoWkf68b5C-YLBi928onU63ET1pcItCl-umotcPM_gpyEwSahK7aApkA8ylnSbhStWru3JPTak_T8__LE_3Bul0uLoHQVM3gI0wpivwfi5WdbVabHCuDNsidblWhQCxmdj62Je8q1MrfZJCHSnLkyPsPL3h7C9atsrVeaZSYxUQtoE6QgbAC_20&amp;__tn__=*bH-R\"><\/a><\/p>\n\n\n\n<figure class=\"wp-block-image\"><a href=\"https:\/\/www.facebook.com\/photo\/?fbid=952703490194161&amp;set=pcb.952703553527488&amp;__cft__[0]=AZVHAVR1qOX6NBkOwKNCRcA6SdGgXyxW5OoWkf68b5C-YLBi928onU63ET1pcItCl-umotcPM_gpyEwSahK7aApkA8ylnSbhStWru3JPTak_T8__LE_3Bul0uLoHQVM3gI0wpivwfi5WdbVabHCuDNsidblWhQCxmdj62Je8q1MrfZJCHSnLkyPsPL3h7C9atsrVeaZSYxUQtoE6QgbAC_20&amp;__tn__=*bH-R\"><img decoding=\"async\" src=\"https:\/\/scontent.fcor2-1.fna.fbcdn.net\/v\/t39.30808-6\/438238670_952703460194164_8816957946244847138_n.jpg?stp=dst-jpg_p600x600&amp;_nc_cat=107&amp;ccb=1-7&amp;_nc_sid=5f2048&amp;_nc_eui2=AeFmvKSj8cJhSDF5mscxR9Pjn8jX64YFx7-fyNfrhgXHv9BVwibuwiKfcqRRn_NMEDI&amp;_nc_ohc=HI0elR4WgFsQ7kNvgFtDYng&amp;_nc_ht=scontent.fcor2-1.fna&amp;oh=00_AfD3ljD1__U1E2aGa4IYxErXFZPZ-zPtIWirzRPntTj_7A&amp;oe=6636BC26\" alt=\"\"\/><\/a><\/figure>\n\n\n\n<p><\/p>\n","protected":false},"excerpt":{"rendered":"<p>El Municipio de Villa Carlos Paz present\u00f3 el Programa Compromiso Ambiental Comunitario que tiene como objetivo el compromiso conjunto entre los ciudadanos, las instituciones intermedias y el Municipio, con la limpieza y la protecci\u00f3n de nuestros espacios p\u00fablicos. En nuestra ciudad las plazas, la naturaleza y los espacios p\u00fablicos de cada barrio forman parte de [&hellip;]<\/p>\n","protected":false},"author":1,"featured_media":6929,"comment_status":"closed","ping_status":"closed","sticky":false,"template":"","format":"standard","meta":{"footnotes":""},"categories":[69],"tags":[345],"class_list":["post-6928","post","type-post","status-publish","format-standard","has-post-thumbnail","hentry","category-noticias","tag-destacar"],"_links":{"self":[{"href":"https:\/\/www.nextmultimedio.com\/index.php?rest_route=\/wp\/v2\/posts\/6928","targetHints":{"allow":["GET"]}}],"collection":[{"href":"https:\/\/www.nextmultimedio.com\/index.php?rest_route=\/wp\/v2\/posts"}],"about":[{"href":"https:\/\/www.nextmultimedio.com\/index.php?rest_route=\/wp\/v2\/types\/post"}],"author":[{"embeddable":true,"href":"https:\/\/www.nextmultimedio.com\/index.php?rest_route=\/wp\/v2\/users\/1"}],"replies":[{"embeddable":true,"href":"https:\/\/www.nextmultimedio.com\/index.php?rest_route=%2Fwp%2Fv2%2Fcomments&post=6928"}],"version-history":[{"count":1,"href":"https:\/\/www.nextmultimedio.com\/index.php?rest_route=\/wp\/v2\/posts\/6928\/revisions"}],"predecessor-version":[{"id":6930,"href":"https:\/\/www.nextmultimedio.com\/index.php?rest_route=\/wp\/v2\/posts\/6928\/revisions\/6930"}],"wp:featuredmedia":[{"embeddable":true,"href":"https:\/\/www.nextmultimedio.com\/index.php?rest_route=\/wp\/v2\/media\/6929"}],"wp:attachment":[{"href":"https:\/\/www.nextmultimedio.com\/index.php?rest_route=%2Fwp%2Fv2%2Fmedia&parent=6928"}],"wp:term":[{"taxonomy":"category","embeddable":true,"href":"https:\/\/www.nextmultimedio.com\/index.php?rest_route=%2Fwp%2Fv2%2Fcategories&post=6928"},{"taxonomy":"post_tag","embeddable":true,"href":"https:\/\/www.nextmultimedio.com\/index.php?rest_route=%2Fwp%2Fv2%2Ftags&post=6928"}],"curies":[{"name":"wp","href":"https:\/\/api.w.org\/{rel}","templated":true}]}}