{"id":6923,"date":"2024-04-28T20:47:19","date_gmt":"2024-04-28T23:47:19","guid":{"rendered":"https:\/\/www.nextmultimedio.com\/?p=6923"},"modified":"2024-04-28T20:48:47","modified_gmt":"2024-04-28T23:48:47","slug":"indignante-y-triste-vandalismo-en-una-plaza-de-colinas","status":"publish","type":"post","link":"https:\/\/www.nextmultimedio.com\/?p=6923","title":{"rendered":"INDIGNANTE Y TRISTE VANDALISMO EN UNA PLAZA DE COLINAS"},"content":{"rendered":"\n<figure class=\"wp-block-image size-full is-resized\"><img loading=\"lazy\" decoding=\"async\" width=\"720\" height=\"720\" src=\"https:\/\/www.nextmultimedio.com\/wp-content\/uploads\/2024\/04\/438303131_951310607000116_6278678164806812650_n.jpg\" alt=\"\" class=\"wp-image-6924\" style=\"width:840px;height:auto\" srcset=\"https:\/\/www.nextmultimedio.com\/wp-content\/uploads\/2024\/04\/438303131_951310607000116_6278678164806812650_n.jpg 720w, https:\/\/www.nextmultimedio.com\/wp-content\/uploads\/2024\/04\/438303131_951310607000116_6278678164806812650_n-300x300.jpg 300w\" sizes=\"auto, (max-width: 720px) 100vw, 720px\" \/><\/figure>\n\n\n\n<p>Lamentable noticia en barrio Colinas , esta madrugada, un grupo de inadaptados rompi\u00f3 , quem\u00f3, destroz\u00f3 juegos y luminarias en una plaza.<\/p>\n\n\n\n<p>COMPARTIMOS LAS PALABRAS DEL CENTRO VECINAL:<\/p>\n\n\n\n<p>4:18 <a><\/a>de la ma\u00f1ana nos escribe una vecina,nos pasa un v\u00eddeo del cual se saca est\u00e1 captura y que no vamos a poner para proteger a la se\u00f1ora.<\/p>\n\n\n\n<p>Ese incendio que ven ah\u00ed son la hamacas de la plaza de montesacramento,un grupo de salvajes que utilizan la plaza como punto de delincuencia las prendieron fuego,anoche montesacramento fue un caos.<\/p>\n\n\n\n<p>Donde est\u00e1n los padres de esos adolescentes,donde est\u00e1n los valores?<\/p>\n\n\n\n<p>Esto se\u00f1ores no es culpa del centro vecinal, sinceramente cuando vean las plazas caerse de a pedazos piensen que no es falta de gesti\u00f3n de ning\u00fan ente es la falta de respeto de los inadaptados llenos de maldad que se encargan de arrazar con la dignidad de la gente de bien de nuestro barrio.<\/p>\n\n\n\n<p>Felicitaciones a la vecina que se involucro,nos dio aviso a nosotros y a la polic\u00eda ojal\u00e1 existan m\u00e1s como ella as\u00ed el barrio no estar\u00eda como est\u00e1.<\/p>\n\n\n\n<p>A los padres de esos chicos esperamos tomen medidas antes que sea tarde y tengan que arrepentirse de no haber puesto limites a tiempo!<\/p>\n\n\n\n<p>Recuerden que en villa Carlos Paz hay un nuevo c\u00f3digo de convivencia que est\u00e9 centro vecinal empezar\u00e1 a hacer valer no vamos a permitir m\u00e1s atropellos semejantes.<\/p>\n\n\n\n<p><a href=\"https:\/\/www.facebook.com\/photo\/?fbid=951310617000115&amp;set=pcb.951310633666780&amp;__cft__[0]=AZX3qh-untUg8UGx4VwabTQ8H4agzrDrGRygKxHmd2EO3C0rXZj0LvkoQY9jK2vmVy2B83WD_f4aFaYOxHVSUGMsbsJbaBoEYuav45aAPUAYZoK27EryCUfVVbctCh67OG2jTwMEd0UCCdoY_-7cSrG9zbukRWamHVS7szGbFrENi01vgcgM9pxvEkJAO3aSNlliUXaMM86c7FUKr8lz4y9s&amp;__tn__=*bH-R\"><\/a><\/p>\n\n\n\n<p><a href=\"https:\/\/www.facebook.com\/photo\/?fbid=951310613666782&amp;set=pcb.951310633666780&amp;__cft__[0]=AZX3qh-untUg8UGx4VwabTQ8H4agzrDrGRygKxHmd2EO3C0rXZj0LvkoQY9jK2vmVy2B83WD_f4aFaYOxHVSUGMsbsJbaBoEYuav45aAPUAYZoK27EryCUfVVbctCh67OG2jTwMEd0UCCdoY_-7cSrG9zbukRWamHVS7szGbFrENi01vgcgM9pxvEkJAO3aSNlliUXaMM86c7FUKr8lz4y9s&amp;__tn__=*bH-R\"><\/a><\/p>\n\n\n\n<figure class=\"wp-block-image\"><a href=\"https:\/\/www.facebook.com\/photo\/?fbid=951310613666782&amp;set=pcb.951310633666780&amp;__cft__[0]=AZX3qh-untUg8UGx4VwabTQ8H4agzrDrGRygKxHmd2EO3C0rXZj0LvkoQY9jK2vmVy2B83WD_f4aFaYOxHVSUGMsbsJbaBoEYuav45aAPUAYZoK27EryCUfVVbctCh67OG2jTwMEd0UCCdoY_-7cSrG9zbukRWamHVS7szGbFrENi01vgcgM9pxvEkJAO3aSNlliUXaMM86c7FUKr8lz4y9s&amp;__tn__=*bH-R\"><img decoding=\"async\" src=\"https:\/\/scontent.fcor2-2.fna.fbcdn.net\/v\/t39.30808-6\/438230479_951310610333449_5109559554540935334_n.jpg?stp=dst-jpg_p600x600&amp;_nc_cat=110&amp;ccb=1-7&amp;_nc_sid=5f2048&amp;_nc_eui2=AeFqKXHX3ggv-1O1WtzQkdxyATTcz1rqV-sBNNzPWupX62UiymSHydLtADN6L3T062A&amp;_nc_ohc=_Ez06vmTiPMQ7kNvgGx7L3j&amp;_nc_ht=scontent.fcor2-2.fna&amp;oh=00_AfD7y5qbHpjpa9W3EIYFJFcjyrduRXqEXHXil8jGncVNkQ&amp;oe=6634C314\" alt=\"\"\/><\/a><\/figure>\n","protected":false},"excerpt":{"rendered":"<p>Lamentable noticia en barrio Colinas , esta madrugada, un grupo de inadaptados rompi\u00f3 , quem\u00f3, destroz\u00f3 juegos y luminarias en una plaza. COMPARTIMOS LAS PALABRAS DEL CENTRO VECINAL: 4:18 de la ma\u00f1ana nos escribe una vecina,nos pasa un v\u00eddeo del cual se saca est\u00e1 captura y que no vamos a poner para proteger a la [&hellip;]<\/p>\n","protected":false},"author":1,"featured_media":6924,"comment_status":"closed","ping_status":"closed","sticky":false,"template":"","format":"standard","meta":{"footnotes":""},"categories":[69],"tags":[345],"class_list":["post-6923","post","type-post","status-publish","format-standard","has-post-thumbnail","hentry","category-noticias","tag-destacar"],"_links":{"self":[{"href":"https:\/\/www.nextmultimedio.com\/index.php?rest_route=\/wp\/v2\/posts\/6923","targetHints":{"allow":["GET"]}}],"collection":[{"href":"https:\/\/www.nextmultimedio.com\/index.php?rest_route=\/wp\/v2\/posts"}],"about":[{"href":"https:\/\/www.nextmultimedio.com\/index.php?rest_route=\/wp\/v2\/types\/post"}],"author":[{"embeddable":true,"href":"https:\/\/www.nextmultimedio.com\/index.php?rest_route=\/wp\/v2\/users\/1"}],"replies":[{"embeddable":true,"href":"https:\/\/www.nextmultimedio.com\/index.php?rest_route=%2Fwp%2Fv2%2Fcomments&post=6923"}],"version-history":[{"count":2,"href":"https:\/\/www.nextmultimedio.com\/index.php?rest_route=\/wp\/v2\/posts\/6923\/revisions"}],"predecessor-version":[{"id":6926,"href":"https:\/\/www.nextmultimedio.com\/index.php?rest_route=\/wp\/v2\/posts\/6923\/revisions\/6926"}],"wp:featuredmedia":[{"embeddable":true,"href":"https:\/\/www.nextmultimedio.com\/index.php?rest_route=\/wp\/v2\/media\/6924"}],"wp:attachment":[{"href":"https:\/\/www.nextmultimedio.com\/index.php?rest_route=%2Fwp%2Fv2%2Fmedia&parent=6923"}],"wp:term":[{"taxonomy":"category","embeddable":true,"href":"https:\/\/www.nextmultimedio.com\/index.php?rest_route=%2Fwp%2Fv2%2Fcategories&post=6923"},{"taxonomy":"post_tag","embeddable":true,"href":"https:\/\/www.nextmultimedio.com\/index.php?rest_route=%2Fwp%2Fv2%2Ftags&post=6923"}],"curies":[{"name":"wp","href":"https:\/\/api.w.org\/{rel}","templated":true}]}}