{"id":6902,"date":"2024-04-26T20:29:40","date_gmt":"2024-04-26T23:29:40","guid":{"rendered":"https:\/\/www.nextmultimedio.com\/?p=6902"},"modified":"2024-04-26T20:29:40","modified_gmt":"2024-04-26T23:29:40","slug":"cordoba-celebra-el-dia-internacional-de-la-danza","status":"publish","type":"post","link":"https:\/\/www.nextmultimedio.com\/?p=6902","title":{"rendered":"C\u00d3RDOBA CELEBRA EL D\u00cdA INTERNACIONAL DE LA DANZA"},"content":{"rendered":"<div class=\"wp-block-image\">\n<figure class=\"aligncenter size-full\"><img loading=\"lazy\" decoding=\"async\" width=\"345\" height=\"346\" src=\"https:\/\/www.nextmultimedio.com\/wp-content\/uploads\/2024\/04\/440377521_950550083742835_394914303727387053_n.jpg\" alt=\"\" class=\"wp-image-6903\" srcset=\"https:\/\/www.nextmultimedio.com\/wp-content\/uploads\/2024\/04\/440377521_950550083742835_394914303727387053_n.jpg 345w, https:\/\/www.nextmultimedio.com\/wp-content\/uploads\/2024\/04\/440377521_950550083742835_394914303727387053_n-300x300.jpg 300w\" sizes=\"auto, (max-width: 345px) 100vw, 345px\" \/><\/figure>\n<\/div>\n\n\n<p>Para celebrar el D\u00eda Internacional de la Danza, este lunes 29 de abril se realizar\u00e1 una jornada de expresi\u00f3n a cielo abierto bajo la consigna Ahora Danza! en cinco esquinas de la ciudad de C\u00f3rdoba.<\/p>\n\n\n\n<p>De este modo, se unir\u00e1 los n\u00facleos de la Media Legua de Oro Cultural: Teatro del Libertador General San Mart\u00edn, Paseo del Buen Pastor, Museo Evita Palacio Ferreyra, Museo Emilio Caraffa y Ciudad de las Artes. Los horarios elegidos <a><\/a>ser\u00e1n de 11 a 11.30, 15 a 15.30, y de 18 a 18.30 horas.<\/p>\n\n\n\n<p>En cada esquina estar\u00e1 representada una disciplina diferente: V\u00e9lez S\u00e1rsfield y Duarte Quir\u00f3s (Cl\u00e1sico), Hip\u00f3lito Yrigoyen y San Luis (Folclore Argentino), Hip\u00f3lito Yrigoyen y Larra\u00f1aga (Flamenco), avenida Poeta Lugones y rotonda plaza Espa\u00f1a (Tango), y Concepci\u00f3n Arenales esquina Wenceslao Paunero (Contempor\u00e1neo).<\/p>\n\n\n\n<p>Las cinco esquinas<\/p>\n\n\n\n<p>Las bailarinas Brenda Vera y Bel\u00e9n Riha har\u00e1n representaciones de danza Cl\u00e1sica, en la esquina de V\u00e9lez S\u00e1rsfield y Duarte Quir\u00f3s. Formadas en el Seminario de Danzas Cl\u00e1sicas Nora Irinova del Teatro del Libertador San Mart\u00edn, se trata de dos destacadas artistas en esta disciplina.<\/p>\n\n\n\n<p>Sebasti\u00e1n Magarzo, director, y Lautaro Magarzo, core\u00f3grafo, encabezan la Escuela de Baile Or\u00edgenes. Una compa\u00f1\u00eda de m\u00e1s de 20 integrantes brindar\u00e1 pasajes del Folclore Argentino, en Hip\u00f3lito Yrigoyen esquina San Luis. La escuela se dedica al estudio y pr\u00e1ctica de las danzas tradicionales argentinas.<\/p>\n\n\n\n<p>Al tiempo que la bailaora Montse Gonz\u00e1lez Morales, fundadora junto a Carlota Pizarro de Vaya Alboroto, se dedicar\u00e1 al Flamenco en Hip\u00f3lito Yrigoyen y Larra\u00f1aga. La artista encabeza una compa\u00f1\u00eda de baile de cerca de 30 bailarines que este d\u00eda tributan a la danza caracter\u00edstica del sur de Espa\u00f1a.<\/p>\n\n\n\n<p>La pareja que forman Micaela Quinteros y Eric Heredia bailar\u00e1 Tango en la esquina de Poeta Lugones y rotonda plaza Espa\u00f1a. Con formaci\u00f3n en Danza y Artes Esc\u00e9nicas en la Universidad Provincial de C\u00f3rdoba, Micaela y Eric integran el Ballet Municipal de la Ciudad de C\u00f3rdoba.<\/p>\n\n\n\n<p>La Universidad Provincial de C\u00f3rdoba participar\u00e1 en la celebraci\u00f3n a trav\u00e9s de intervenciones de la Licenciatura en Composici\u00f3n Coreogr\u00e1fica, el Profesorado Universitario de Danza y el Elenco de danza y pr\u00e1cticas interdisciplinarias, con cuadros de Danza Contempor\u00e1nea, precisamente, en Concepci\u00f3n Arenales esquina Wenceslao Paunero.<\/p>\n\n\n\n<p>Las propuestas de la UPC son: Deja vu, de la T\u00e9cnica de la Danza Contempor\u00e1nea II, Licenciatura en Composici\u00f3n Coreogr\u00e1fica, a cargo de Luciana Maltez; Nos permitimos, Danza Contempor\u00e1nea 3, Profesorado Universitario de Danza, a cargo de Viviana Taddey; y La ind\u00f3mita danza orquesta, del Elenco de danza y pr\u00e1cticas interdisciplinarias, Proyecto Extensi\u00f3n de la UPC, dirigido por Ariana Andreoli.<\/p>\n\n\n\n<p>Cultura en movimiento<\/p>\n\n\n\n<p>El 29 de abril se celebra el D\u00eda Internacional de la Danza en tributo a las Cartas sobre las danzas y los ballets, primer tratado de danzas cl\u00e1sicas publicado en el siglo XVIII por el maestro y bailar\u00edn de ballet Jean Georges Noverre. La UNESCO estableci\u00f3 este d\u00eda en 1982 para recordar el natalicio de Noverre.<\/p>\n\n\n\n<p>C\u00f3rdoba tiene una gran cantidad de manifestaciones y compa\u00f1\u00edas de danza representativa de distintas disciplinas, las que estar\u00e1n reflejadas en este evento. Tiene una larga tradici\u00f3n en danzas folcl\u00f3ricas, no menos importante es la pr\u00e1ctica del tango y el flamenco, adem\u00e1s, es pionera en la Danza Contempor\u00e1nea a nivel nacional, cuenta con un Ballet Oficial de la Provincia y su Seminario de Danza Nora Irinova.<\/p>\n\n\n\n<p>En orden a la docencia, la Universidad Provincial de C\u00f3rdoba brinda el Profesorado de Danza, la Licenciatura en Composici\u00f3n Coreogr\u00e1fica y una Tecnicatura en Danza Contempor\u00e1nea.<\/p>\n\n\n\n<p><a href=\"https:\/\/www.facebook.com\/photo\/?fbid=950550090409501&amp;set=a.356501543147695&amp;__cft__[0]=AZXRnICjIzz-2te9rshEtX7zJ5okSplb7m38Md_lZB0bbR2ywN4vXWapDUIdOUwrIT5eYHqDoYtMJFW7x5dvk8JpVCEuk0So8lZ-tfVGjqN9BFa5wPJYVmJiXoxRAIDAQlAAcEmX4UbrxnUK9pzkACbJQ76_W_Vm4UePhVhpDCzYOwR6b7KAvBvl7Sv-XphPEyiv0ainEL9nxtYc-Uk5aokX&amp;__tn__=EH-R\"><\/a><\/p>\n","protected":false},"excerpt":{"rendered":"<p>Para celebrar el D\u00eda Internacional de la Danza, este lunes 29 de abril se realizar\u00e1 una jornada de expresi\u00f3n a cielo abierto bajo la consigna Ahora Danza! en cinco esquinas de la ciudad de C\u00f3rdoba. De este modo, se unir\u00e1 los n\u00facleos de la Media Legua de Oro Cultural: Teatro del Libertador General San Mart\u00edn, [&hellip;]<\/p>\n","protected":false},"author":1,"featured_media":6903,"comment_status":"closed","ping_status":"closed","sticky":false,"template":"","format":"standard","meta":{"footnotes":""},"categories":[69],"tags":[345],"class_list":["post-6902","post","type-post","status-publish","format-standard","has-post-thumbnail","hentry","category-noticias","tag-destacar"],"_links":{"self":[{"href":"https:\/\/www.nextmultimedio.com\/index.php?rest_route=\/wp\/v2\/posts\/6902","targetHints":{"allow":["GET"]}}],"collection":[{"href":"https:\/\/www.nextmultimedio.com\/index.php?rest_route=\/wp\/v2\/posts"}],"about":[{"href":"https:\/\/www.nextmultimedio.com\/index.php?rest_route=\/wp\/v2\/types\/post"}],"author":[{"embeddable":true,"href":"https:\/\/www.nextmultimedio.com\/index.php?rest_route=\/wp\/v2\/users\/1"}],"replies":[{"embeddable":true,"href":"https:\/\/www.nextmultimedio.com\/index.php?rest_route=%2Fwp%2Fv2%2Fcomments&post=6902"}],"version-history":[{"count":1,"href":"https:\/\/www.nextmultimedio.com\/index.php?rest_route=\/wp\/v2\/posts\/6902\/revisions"}],"predecessor-version":[{"id":6904,"href":"https:\/\/www.nextmultimedio.com\/index.php?rest_route=\/wp\/v2\/posts\/6902\/revisions\/6904"}],"wp:featuredmedia":[{"embeddable":true,"href":"https:\/\/www.nextmultimedio.com\/index.php?rest_route=\/wp\/v2\/media\/6903"}],"wp:attachment":[{"href":"https:\/\/www.nextmultimedio.com\/index.php?rest_route=%2Fwp%2Fv2%2Fmedia&parent=6902"}],"wp:term":[{"taxonomy":"category","embeddable":true,"href":"https:\/\/www.nextmultimedio.com\/index.php?rest_route=%2Fwp%2Fv2%2Fcategories&post=6902"},{"taxonomy":"post_tag","embeddable":true,"href":"https:\/\/www.nextmultimedio.com\/index.php?rest_route=%2Fwp%2Fv2%2Ftags&post=6902"}],"curies":[{"name":"wp","href":"https:\/\/api.w.org\/{rel}","templated":true}]}}