{"id":6866,"date":"2024-04-24T21:19:50","date_gmt":"2024-04-25T00:19:50","guid":{"rendered":"https:\/\/www.nextmultimedio.com\/?p=6866"},"modified":"2024-04-24T21:19:51","modified_gmt":"2024-04-25T00:19:51","slug":"comienzan-los-talleres-de-la-casa-de-la-mujer-y-la-familia","status":"publish","type":"post","link":"https:\/\/www.nextmultimedio.com\/?p=6866","title":{"rendered":"COMIENZAN LOS TALLERES DE LA CASA DE LA MUJER Y LA FAMILIA"},"content":{"rendered":"\n<figure class=\"wp-block-image size-large\"><img loading=\"lazy\" decoding=\"async\" width=\"1024\" height=\"1024\" src=\"https:\/\/www.nextmultimedio.com\/wp-content\/uploads\/2024\/04\/438216546_949180500546460_5673887956304511247_n-1024x1024.jpg\" alt=\"\" class=\"wp-image-6867\" srcset=\"https:\/\/www.nextmultimedio.com\/wp-content\/uploads\/2024\/04\/438216546_949180500546460_5673887956304511247_n-1024x1024.jpg 1024w, https:\/\/www.nextmultimedio.com\/wp-content\/uploads\/2024\/04\/438216546_949180500546460_5673887956304511247_n-300x300.jpg 300w, https:\/\/www.nextmultimedio.com\/wp-content\/uploads\/2024\/04\/438216546_949180500546460_5673887956304511247_n-768x768.jpg 768w, https:\/\/www.nextmultimedio.com\/wp-content\/uploads\/2024\/04\/438216546_949180500546460_5673887956304511247_n.jpg 1080w\" sizes=\"auto, (max-width: 1024px) 100vw, 1024px\" \/><\/figure>\n\n\n\n<p>El municipio anuncia el comienzo de una emocionante temporada de talleres.<\/p>\n\n\n\n<p>Estos talleres, dise\u00f1ados para fomentar la creatividad, el aprendizaje y el desarrollo personal, tendr\u00e1n lugar en nuestras instalaciones ubicadas en la calle Jos\u00e9 Ingenieros 396.<\/p>\n\n\n\n<p><a><\/a>Detalles de los Talleres:<\/p>\n\n\n\n<p>Lunes:<\/p>\n\n\n\n<p>\u2022 Peluquer\u00eda: 8:00 a 10:30 horas<\/p>\n\n\n\n<p>\u2022 Pesta\u00f1as: 9:00 a 10:00 horas<\/p>\n\n\n\n<p>\u2022 Folclore: 15:00 a 17:00 horas<\/p>\n\n\n\n<p>Martes:<\/p>\n\n\n\n<p>\u2022 U\u00f1as: 15:00 a 17:00 horas<\/p>\n\n\n\n<p>\u2022 Teatro: 15:00 a 17:00 horas<\/p>\n\n\n\n<p>Jueves:<\/p>\n\n\n\n<p>\u2022 Biodanza: 15:00 a 16:30 horas<\/p>\n\n\n\n<p>Viernes:<\/p>\n\n\n\n<p>\u2022 Costura: 15:00 a 17:00 horas<\/p>\n\n\n\n<p>Inscripciones: \u00a1Las inscripciones ya est\u00e1n abiertas! Puedes inscribirte de dos maneras:<\/p>\n\n\n\n<p>1. A trav\u00e9s de la aplicaci\u00f3n m\u00f3vil.<\/p>\n\n\n\n<p>2. Visitando la Casa de la Mujer y la Familia en Jos\u00e9 Ingenieros 396.<\/p>\n\n\n\n<p>3. Llamando al tel\u00e9fono 436449.<\/p>\n\n\n\n<p><a href=\"https:\/\/www.facebook.com\/photo\/?fbid=949180503879793&amp;set=a.356501556481027&amp;__cft__[0]=AZVYjE4ouvV5LMoliZeN7DHxtoUMfoHZfzHmFPMWR2wZE8BvuPIFd1mCeJkQnFA163bAj0FvRGHaFdrYomxkR42_Ho0gNNHZSStNi0HovU77xtV5e2cKjpA0_l0stXx0JHDVi1Uk-JQ9LyM_v3uSoQ8ZiWV7PtnHwTy3gZ6SihKEOz9glRuVeBrYd-s-D-Y46dQZZrQO36kyz3V8zOlP0tVV&amp;__tn__=EH-R\"><\/a><\/p>\n\n\n\n<figure class=\"wp-block-image size-full\"><img loading=\"lazy\" decoding=\"async\" width=\"680\" height=\"510\" src=\"https:\/\/www.nextmultimedio.com\/wp-content\/uploads\/2024\/04\/IMG_20200917_115121186_HDR.jpg\" alt=\"\" class=\"wp-image-6653\" srcset=\"https:\/\/www.nextmultimedio.com\/wp-content\/uploads\/2024\/04\/IMG_20200917_115121186_HDR.jpg 680w, https:\/\/www.nextmultimedio.com\/wp-content\/uploads\/2024\/04\/IMG_20200917_115121186_HDR-300x225.jpg 300w\" sizes=\"auto, (max-width: 680px) 100vw, 680px\" \/><\/figure>\n","protected":false},"excerpt":{"rendered":"<p>El municipio anuncia el comienzo de una emocionante temporada de talleres. Estos talleres, dise\u00f1ados para fomentar la creatividad, el aprendizaje y el desarrollo personal, tendr\u00e1n lugar en nuestras instalaciones ubicadas en la calle Jos\u00e9 Ingenieros 396. Detalles de los Talleres: Lunes: \u2022 Peluquer\u00eda: 8:00 a 10:30 horas \u2022 Pesta\u00f1as: 9:00 a 10:00 horas \u2022 Folclore: [&hellip;]<\/p>\n","protected":false},"author":1,"featured_media":6653,"comment_status":"closed","ping_status":"closed","sticky":false,"template":"","format":"standard","meta":{"footnotes":""},"categories":[69],"tags":[345],"class_list":["post-6866","post","type-post","status-publish","format-standard","has-post-thumbnail","hentry","category-noticias","tag-destacar"],"_links":{"self":[{"href":"https:\/\/www.nextmultimedio.com\/index.php?rest_route=\/wp\/v2\/posts\/6866","targetHints":{"allow":["GET"]}}],"collection":[{"href":"https:\/\/www.nextmultimedio.com\/index.php?rest_route=\/wp\/v2\/posts"}],"about":[{"href":"https:\/\/www.nextmultimedio.com\/index.php?rest_route=\/wp\/v2\/types\/post"}],"author":[{"embeddable":true,"href":"https:\/\/www.nextmultimedio.com\/index.php?rest_route=\/wp\/v2\/users\/1"}],"replies":[{"embeddable":true,"href":"https:\/\/www.nextmultimedio.com\/index.php?rest_route=%2Fwp%2Fv2%2Fcomments&post=6866"}],"version-history":[{"count":1,"href":"https:\/\/www.nextmultimedio.com\/index.php?rest_route=\/wp\/v2\/posts\/6866\/revisions"}],"predecessor-version":[{"id":6868,"href":"https:\/\/www.nextmultimedio.com\/index.php?rest_route=\/wp\/v2\/posts\/6866\/revisions\/6868"}],"wp:featuredmedia":[{"embeddable":true,"href":"https:\/\/www.nextmultimedio.com\/index.php?rest_route=\/wp\/v2\/media\/6653"}],"wp:attachment":[{"href":"https:\/\/www.nextmultimedio.com\/index.php?rest_route=%2Fwp%2Fv2%2Fmedia&parent=6866"}],"wp:term":[{"taxonomy":"category","embeddable":true,"href":"https:\/\/www.nextmultimedio.com\/index.php?rest_route=%2Fwp%2Fv2%2Fcategories&post=6866"},{"taxonomy":"post_tag","embeddable":true,"href":"https:\/\/www.nextmultimedio.com\/index.php?rest_route=%2Fwp%2Fv2%2Ftags&post=6866"}],"curies":[{"name":"wp","href":"https:\/\/api.w.org\/{rel}","templated":true}]}}