{"id":6863,"date":"2024-04-23T22:24:18","date_gmt":"2024-04-24T01:24:18","guid":{"rendered":"https:\/\/www.nextmultimedio.com\/?p=6863"},"modified":"2024-04-23T22:24:19","modified_gmt":"2024-04-24T01:24:19","slug":"comenzo-el-programa-mi-primera-licencia-de-conducir","status":"publish","type":"post","link":"https:\/\/www.nextmultimedio.com\/?p=6863","title":{"rendered":"COMENZ\u00d3 EL PROGRAMA &#8220;MI PRIMERA LICENCIA DE CONDUCIR&#8221;"},"content":{"rendered":"<div class=\"wp-block-image\">\n<figure class=\"aligncenter size-full\"><img loading=\"lazy\" decoding=\"async\" width=\"460\" height=\"460\" src=\"https:\/\/www.nextmultimedio.com\/wp-content\/uploads\/2024\/04\/438814910_948444083953435_619302081628005349_n.jpg\" alt=\"\" class=\"wp-image-6864\" srcset=\"https:\/\/www.nextmultimedio.com\/wp-content\/uploads\/2024\/04\/438814910_948444083953435_619302081628005349_n.jpg 460w, https:\/\/www.nextmultimedio.com\/wp-content\/uploads\/2024\/04\/438814910_948444083953435_619302081628005349_n-300x300.jpg 300w\" sizes=\"auto, (max-width: 460px) 100vw, 460px\" \/><\/figure>\n<\/div>\n\n\n<p>Desde el Municipio de Villa Carlos Paz se dio inicio al programa &#8220;Mi primera Licencia de Conducir&#8221; que se va a desarrollar en los 5\u00ba y 6\u00ba a\u00f1os de las Escuelas del Nivel Medio de la ciudad donde desarrollar\u00e1n el examen te\u00f3rico, para luego que puedan ir al Centro de Emisi\u00f3n Licencia de Conducir y complementarlo con el apto m\u00e9dico y la realizaci\u00f3n pr\u00e1ctica del mismo.<\/p>\n\n\n\n<p>Recordamos a los alumnos, que por cualquier consulta, o <a><\/a>seguimiento del tr\u00e1mite deben comunicarse al 3541528386 (Atenci\u00f3n al Ciudadano).<\/p>\n\n\n\n<p><a href=\"https:\/\/www.facebook.com\/photo\/?fbid=948444087286768&amp;set=a.356501556481027&amp;__cft__[0]=AZV3Zm80DYYpxq-vE9gdhrHdiBOErGOlW3x6WVYjxSBau8_IMT7V5ktef52kSGnYy_hbZKMDhj4AoGAzIpmTu3vVpaMTZo4jajBFQ4WLDMt5dWPEg52vh-46rYUCoHhYDjWYZoO9pK4XGsVQQMkkYSB4Ox7KmGhU6W0ZC9Mp0Cr23Q9HxY3NdNbN9QXPO3tlkXueft1zprNj377VWMDhWuF4&amp;__tn__=EH-R\"><\/a><\/p>\n","protected":false},"excerpt":{"rendered":"<p>Desde el Municipio de Villa Carlos Paz se dio inicio al programa &#8220;Mi primera Licencia de Conducir&#8221; que se va a desarrollar en los 5\u00ba y 6\u00ba a\u00f1os de las Escuelas del Nivel Medio de la ciudad donde desarrollar\u00e1n el examen te\u00f3rico, para luego que puedan ir al Centro de Emisi\u00f3n Licencia de Conducir y [&hellip;]<\/p>\n","protected":false},"author":1,"featured_media":6864,"comment_status":"closed","ping_status":"closed","sticky":false,"template":"","format":"standard","meta":{"footnotes":""},"categories":[69],"tags":[345],"class_list":["post-6863","post","type-post","status-publish","format-standard","has-post-thumbnail","hentry","category-noticias","tag-destacar"],"_links":{"self":[{"href":"https:\/\/www.nextmultimedio.com\/index.php?rest_route=\/wp\/v2\/posts\/6863","targetHints":{"allow":["GET"]}}],"collection":[{"href":"https:\/\/www.nextmultimedio.com\/index.php?rest_route=\/wp\/v2\/posts"}],"about":[{"href":"https:\/\/www.nextmultimedio.com\/index.php?rest_route=\/wp\/v2\/types\/post"}],"author":[{"embeddable":true,"href":"https:\/\/www.nextmultimedio.com\/index.php?rest_route=\/wp\/v2\/users\/1"}],"replies":[{"embeddable":true,"href":"https:\/\/www.nextmultimedio.com\/index.php?rest_route=%2Fwp%2Fv2%2Fcomments&post=6863"}],"version-history":[{"count":1,"href":"https:\/\/www.nextmultimedio.com\/index.php?rest_route=\/wp\/v2\/posts\/6863\/revisions"}],"predecessor-version":[{"id":6865,"href":"https:\/\/www.nextmultimedio.com\/index.php?rest_route=\/wp\/v2\/posts\/6863\/revisions\/6865"}],"wp:featuredmedia":[{"embeddable":true,"href":"https:\/\/www.nextmultimedio.com\/index.php?rest_route=\/wp\/v2\/media\/6864"}],"wp:attachment":[{"href":"https:\/\/www.nextmultimedio.com\/index.php?rest_route=%2Fwp%2Fv2%2Fmedia&parent=6863"}],"wp:term":[{"taxonomy":"category","embeddable":true,"href":"https:\/\/www.nextmultimedio.com\/index.php?rest_route=%2Fwp%2Fv2%2Fcategories&post=6863"},{"taxonomy":"post_tag","embeddable":true,"href":"https:\/\/www.nextmultimedio.com\/index.php?rest_route=%2Fwp%2Fv2%2Ftags&post=6863"}],"curies":[{"name":"wp","href":"https:\/\/api.w.org\/{rel}","templated":true}]}}