{"id":6854,"date":"2024-04-23T22:12:41","date_gmt":"2024-04-24T01:12:41","guid":{"rendered":"https:\/\/www.nextmultimedio.com\/?p=6854"},"modified":"2024-04-23T22:12:42","modified_gmt":"2024-04-24T01:12:42","slug":"la-provincia-presento-un-nuevo-programa","status":"publish","type":"post","link":"https:\/\/www.nextmultimedio.com\/?p=6854","title":{"rendered":"LA PROVINCIA PRESENT\u00d3 UN NUEVO PROGRAMA"},"content":{"rendered":"\n<p><strong>  Se trata de \u201cImpulsa: Coordinaci\u00f3n interministerial para el desarrollo local&#8221;<\/strong><\/p>\n\n\n\n<figure class=\"wp-block-image size-full\"><img loading=\"lazy\" decoding=\"async\" width=\"960\" height=\"644\" src=\"https:\/\/www.nextmultimedio.com\/wp-content\/uploads\/2024\/04\/438786128_948391447292032_2971848099515172881_n.jpg\" alt=\"\" class=\"wp-image-6855\" srcset=\"https:\/\/www.nextmultimedio.com\/wp-content\/uploads\/2024\/04\/438786128_948391447292032_2971848099515172881_n.jpg 960w, https:\/\/www.nextmultimedio.com\/wp-content\/uploads\/2024\/04\/438786128_948391447292032_2971848099515172881_n-300x201.jpg 300w, https:\/\/www.nextmultimedio.com\/wp-content\/uploads\/2024\/04\/438786128_948391447292032_2971848099515172881_n-768x515.jpg 768w\" sizes=\"auto, (max-width: 960px) 100vw, 960px\" \/><\/figure>\n\n\n\n<p><\/p>\n\n\n\n<p>La iniciativa busca generar un espacio de cooperaci\u00f3n e intercambio de recursos y acciones para maximizar el impacto de las pol\u00edticas p\u00fablicas. Hacerlo con la participaci\u00f3n activa de la comunidad en la identificaci\u00f3n de las problem\u00e1ticas, dise\u00f1o e implementaci\u00f3n de soluciones, promoviendo as\u00ed el desarrollo sostenible a largo plazo. El encuentro se realiz\u00f3 con la Comunidad <a><\/a>Regional de Punilla._<\/p>\n\n\n\n<p>En el marco de la *reuni\u00f3n* entre el Gobierno de la *provincia* de C\u00f3rdoba y la *Comunidad Regional Punilla*, autoridades provinciales *presentaron el programa \u201cImpulsa +\u201d: coordinaci\u00f3n interministerial para el desarrollo local.*<\/p>\n\n\n\n<p>El programa aspira a llegar a los municipios y comunas, a partir de una *agenda de trabajo interministerial orientada a la b\u00fasqueda de resultados tangibles y eficaces para las distintas comunidades locales y regionales*. De esa manera, pretende generar un espacio para la cooperaci\u00f3n e intercambio de recursos y acciones entre diferentes entidades gubernamentales a los fines de maximizar el impacto de las pol\u00edticas p\u00fablicas sobre los diferentes territorios.<\/p>\n\n\n\n<p>*Augusto Pastore, secretario de Gobierno*, explic\u00f3 la importancia de estas comunidades y estos encuentros. _\u201cNosotros quisimos constituir las comunidades regionales para que se transformen en herramientas y mecanismos que nos permitan gestionar juntos, concertando lo p\u00fablico y lo privado. Las agendas de los gobiernos locales hoy son m\u00e1s complejas que atender el alumbrado, el barrido y la limpieza. Hay nuevas demandas y por eso tenemos que ser m\u00e1s eficientes\u201d_, expres\u00f3 Pastore.<\/p>\n\n\n\n<p>A su turno, *Fabricio D\u00edaz, presidente de la Comunidad Regional Punilla*, celebr\u00f3 la jornada de trabajo. _\u201cQuiero transmitirle al Gobernador nuestra gratitud. Que en un momento tan dif\u00edcil de la Argentina y de C\u00f3rdoba el Gobierno provincial no se haya quedado en sus escritorios y haya salido a hacer este trabajo territorial a las comunas, pueblos y ciudades de todo el departamento, es algo para destacar. Ac\u00e1 podemos conversar sobre los problemas en com\u00fan que tenemos de manera transversal\u201d,_ indic\u00f3 quien tambi\u00e9n es intendente de Capilla del Monte.<\/p>\n\n\n\n<p>Por su parte, *Javier Dieminger, intendente de La Falda*, agradeci\u00f3 la reuni\u00f3n y resalt\u00f3 el valor que tiene para quienes est\u00e1n al frente de la administraci\u00f3n de un municipio. _\u201cIncentivar estas mesas habla del trabajo mancomunado. Esto es importante tanto para los intendentes que atraviesan sus primeras gestiones como para quienes afrontamos una segunda gesti\u00f3n. Celebramos estas reuniones porque, a quienes estamos comprometidos con los vecinos, nos permite buscar soluciones\u201d,_ enfatiz\u00f3.<\/p>\n\n\n\n<p>*Sobre el programa*<\/p>\n\n\n\n<p>Se propone una reuni\u00f3n mensual en las localidades cabeceras de estas comunidades, pudiendo convocarse hasta dos comunidades por encuentro. La idea es que de la reuni\u00f3n participen distintas reparticiones gubernamentales seg\u00fan las caracter\u00edsticas del perfil socioecon\u00f3mico y cultural de cada regi\u00f3n.<\/p>\n\n\n\n<p>En las primeras reuniones operativas con las comunas se elaborar\u00e1 una agenda concreta de actividades a desarrollar durante el a\u00f1o, seg\u00fan la disponibilidad de las reparticiones del gobierno central y las necesidades detectadas. A tal fin, deber\u00e1 instrumentarse una herramienta que permita una r\u00e1pida identificaci\u00f3n de la necesidad y\/o una acci\u00f3n posible y\/o una calendarizaci\u00f3n.<\/p>\n\n\n\n<p>Seguidamente, mediante un tablero de control de estas acciones previstas, la Secretar\u00eda de Gobierno coordinar\u00e1 las reuniones de seguimiento e impacto de las actividades efectivamente concretadas, con el presupuesto asignado, los recursos humanos afectados, etc. Aquellas necesidades y acciones que pudieran surgir durante el proceso ser\u00e1n coordinadas entre esta Secretar\u00eda y la repartici\u00f3n capaz de ofrecer la soluci\u00f3n o programa en su \u00e1mbito de incumbencia.<\/p>\n\n\n\n<p>*Objetivos*<\/p>\n\n\n\n<p>Promover la colaboraci\u00f3n entre diferentes secretar\u00edas y \u00e1reas de gobierno para optimizar el uso de recursos en el abordaje de las necesidades de las comunidades locales, considerando aspectos econ\u00f3micos, ambientales, culturales y sociales.<\/p>\n\n\n\n<p>Implementar pol\u00edticas y medidas que favorezcan la protecci\u00f3n del ambiente y el desarrollo sostenible, mediante la promoci\u00f3n de procesos de incorporaci\u00f3n de tecnolog\u00edas limpias, energ\u00edas renovables y de programas de econom\u00eda circular y de reciclado de residuos en municipios y comunas.<\/p>\n\n\n\n<p>Dar a conocer, en las comunidades locales, los incentivos fiscales y financieros para empresas que inviertan en proyectos de innovaci\u00f3n y desarrollo tecnol\u00f3gico, previstos en las leyes provinciales de Econom\u00eda del Conocimiento y de Promoci\u00f3n industrial.<\/p>\n\n\n\n<p>Promover la modernizaci\u00f3n de las estructuras administrativas y regulatorias del estado para fomentar la eficiencia, transparencia y digitalizaci\u00f3n de los procesos gubernamentales, con foco en las ventajas que supone la adhesi\u00f3n de comunas y municipios al r\u00e9gimen de unificaci\u00f3n tributaria.<\/p>\n\n\n\n<p>Implementar programas de formaci\u00f3n y capacitaci\u00f3n para agentes de gobierno a los fines de mejorar la calidad de los servicios p\u00fablicos locales.<\/p>\n\n\n\n<p>Estuvieron presentes intendentes y jefes comunales del Departamento Punilla y funcionarios del gobierno de la provincia de C\u00f3rdoba.<\/p>\n\n\n\n<p>El presidente del IPLAS, Gustavo Klein; la vicepresidenta del ERSEP, Mariana Caserio; el secretario de Coordinaci\u00f3n de Infraestructura, Gustavo Brand\u00e1n; el secretario de Ciencia y Tecnolog\u00eda, Gabriel Raya Tonetti; el secretario de Ingresos P\u00fablicos, Gerardo Pintucci; el secretario de Econom\u00eda Circular y Empleo Verde, Nicol\u00e1s Vottero; el subsecretario de Coordinaci\u00f3n, Agust\u00edn Benav\u00eddez; el subsecretario de Industria, Mariano Fernando Fallido; la directora de Divulgaci\u00f3n de las Ciencias, Mar\u00eda Jos\u00e9 Viola; el director de Relaciones Institucionales de la Agencia C\u00f3rdoba Turismo, Nicol\u00e1s Kontos.<\/p>\n\n\n\n<p><a href=\"https:\/\/www.facebook.com\/photo\/?fbid=948391323958711&amp;set=pcb.948391463958697&amp;__cft__[0]=AZWdthNYz80weJafeg3oJbUvcmmHIGO1NIQGBBqIho2CFrr4F65oOVb3z46SWVTxPnTs9QECQCYkenWGZ-5gM7SInpnonUpWrUt40WuLVdzaB0MVa9ATX7DG7iFcWoyqimQEvfOb6EqNuqg8c0y0ax3ThIIiMGFq_RQRHPRah05ekwR-nKDrwWoyuvYkFiw4OKnx7ZPP-prHutFcuQeWJHm9&amp;__tn__=*bH-R\"><\/a><\/p>\n\n\n\n<figure class=\"wp-block-image\"><a href=\"https:\/\/www.facebook.com\/photo\/?fbid=948391323958711&amp;set=pcb.948391463958697&amp;__cft__[0]=AZWdthNYz80weJafeg3oJbUvcmmHIGO1NIQGBBqIho2CFrr4F65oOVb3z46SWVTxPnTs9QECQCYkenWGZ-5gM7SInpnonUpWrUt40WuLVdzaB0MVa9ATX7DG7iFcWoyqimQEvfOb6EqNuqg8c0y0ax3ThIIiMGFq_RQRHPRah05ekwR-nKDrwWoyuvYkFiw4OKnx7ZPP-prHutFcuQeWJHm9&amp;__tn__=*bH-R\"><img decoding=\"async\" src=\"https:\/\/scontent.fcor2-2.fna.fbcdn.net\/v\/t39.30808-6\/438865639_948391320625378_2809433213575805776_n.jpg?stp=dst-jpg_p526x395&amp;_nc_cat=100&amp;ccb=1-7&amp;_nc_sid=5f2048&amp;_nc_eui2=AeFVEAz9TKr7-5H4_NoK_Lv8n5ppuxEvMKyfmmm7ES8wrIisiYpvRMQOx1KwvhcglK0&amp;_nc_ohc=ysBsqCvMYFIAb55fqOO&amp;_nc_oc=Adi8SMBRMQyyVO5zD4EmhxnK1HJ-CxpMXzoYCbjsD5RsW_oUog9c5TvZpYC8GTDI1x8&amp;_nc_ht=scontent.fcor2-2.fna&amp;oh=00_AfATLNhXjG6WtydwT7ILYO0m5IK2GrEnryeye8peovA9tA&amp;oe=662E2459\" alt=\"\"\/><\/a><\/figure>\n\n\n\n<p><a href=\"https:\/\/www.facebook.com\/photo\/?fbid=948391367292040&amp;set=pcb.948391463958697&amp;__cft__[0]=AZWdthNYz80weJafeg3oJbUvcmmHIGO1NIQGBBqIho2CFrr4F65oOVb3z46SWVTxPnTs9QECQCYkenWGZ-5gM7SInpnonUpWrUt40WuLVdzaB0MVa9ATX7DG7iFcWoyqimQEvfOb6EqNuqg8c0y0ax3ThIIiMGFq_RQRHPRah05ekwR-nKDrwWoyuvYkFiw4OKnx7ZPP-prHutFcuQeWJHm9&amp;__tn__=*bH-R\"><\/a><\/p>\n\n\n\n<figure class=\"wp-block-image\"><a href=\"https:\/\/www.facebook.com\/photo\/?fbid=948391367292040&amp;set=pcb.948391463958697&amp;__cft__[0]=AZWdthNYz80weJafeg3oJbUvcmmHIGO1NIQGBBqIho2CFrr4F65oOVb3z46SWVTxPnTs9QECQCYkenWGZ-5gM7SInpnonUpWrUt40WuLVdzaB0MVa9ATX7DG7iFcWoyqimQEvfOb6EqNuqg8c0y0ax3ThIIiMGFq_RQRHPRah05ekwR-nKDrwWoyuvYkFiw4OKnx7ZPP-prHutFcuQeWJHm9&amp;__tn__=*bH-R\"><img decoding=\"async\" src=\"https:\/\/scontent.fcor2-1.fna.fbcdn.net\/v\/t39.30808-6\/438651033_948391357292041_2993439840157238458_n.jpg?stp=dst-jpg_p526x395&amp;_nc_cat=103&amp;ccb=1-7&amp;_nc_sid=5f2048&amp;_nc_eui2=AeFBkMs3HmXa-pmqAbDs1xS_0XMIagmgR1LRcwhqCaBHUi6_Kf9Xjc2oOdXKN-NAqs0&amp;_nc_ohc=Ci9rHDOcMQoAb6bIBMZ&amp;_nc_ht=scontent.fcor2-1.fna&amp;oh=00_AfBQWPX-zvmmLbZ7C5x_KMAOs_B4l6iofmXpNVrnyqyVvA&amp;oe=662E3E87\" alt=\"\"\/><\/a><\/figure>\n\n\n\n<p><a href=\"https:\/\/www.facebook.com\/photo\/?fbid=948391450625365&amp;set=pcb.948391463958697&amp;__cft__[0]=AZWdthNYz80weJafeg3oJbUvcmmHIGO1NIQGBBqIho2CFrr4F65oOVb3z46SWVTxPnTs9QECQCYkenWGZ-5gM7SInpnonUpWrUt40WuLVdzaB0MVa9ATX7DG7iFcWoyqimQEvfOb6EqNuqg8c0y0ax3ThIIiMGFq_RQRHPRah05ekwR-nKDrwWoyuvYkFiw4OKnx7ZPP-prHutFcuQeWJHm9&amp;__tn__=*bH-R\"><\/a><\/p>\n\n\n\n<figure class=\"wp-block-image\"><a href=\"https:\/\/www.facebook.com\/photo\/?fbid=948391450625365&amp;set=pcb.948391463958697&amp;__cft__[0]=AZWdthNYz80weJafeg3oJbUvcmmHIGO1NIQGBBqIho2CFrr4F65oOVb3z46SWVTxPnTs9QECQCYkenWGZ-5gM7SInpnonUpWrUt40WuLVdzaB0MVa9ATX7DG7iFcWoyqimQEvfOb6EqNuqg8c0y0ax3ThIIiMGFq_RQRHPRah05ekwR-nKDrwWoyuvYkFiw4OKnx7ZPP-prHutFcuQeWJHm9&amp;__tn__=*bH-R\"><img decoding=\"async\" src=\"https:\/\/scontent.fcor2-1.fna.fbcdn.net\/v\/t39.30808-6\/438786128_948391447292032_2971848099515172881_n.jpg?stp=dst-jpg_p526x395&amp;_nc_cat=111&amp;ccb=1-7&amp;_nc_sid=5f2048&amp;_nc_eui2=AeEsH4G5WorebjbRAqoDcH-hTWDB6NN9Rt5NYMHo031G3qNYfxSFJDHI1EdwKiAhHMc&amp;_nc_ohc=FF1hzE41GKUAb64mtN2&amp;_nc_ht=scontent.fcor2-1.fna&amp;oh=00_AfCMnuE2Qe8zZuS0QgElBlSfasnNFHoTCq9_O26B-_aQgA&amp;oe=662E159A\" alt=\"\"\/><\/a><\/figure>\n","protected":false},"excerpt":{"rendered":"<p>Se trata de \u201cImpulsa: Coordinaci\u00f3n interministerial para el desarrollo local&#8221; La iniciativa busca generar un espacio de cooperaci\u00f3n e intercambio de recursos y acciones para maximizar el impacto de las pol\u00edticas p\u00fablicas. Hacerlo con la participaci\u00f3n activa de la comunidad en la identificaci\u00f3n de las problem\u00e1ticas, dise\u00f1o e implementaci\u00f3n de soluciones, promoviendo as\u00ed el desarrollo [&hellip;]<\/p>\n","protected":false},"author":1,"featured_media":6855,"comment_status":"closed","ping_status":"closed","sticky":false,"template":"","format":"standard","meta":{"footnotes":""},"categories":[69],"tags":[345],"class_list":["post-6854","post","type-post","status-publish","format-standard","has-post-thumbnail","hentry","category-noticias","tag-destacar"],"_links":{"self":[{"href":"https:\/\/www.nextmultimedio.com\/index.php?rest_route=\/wp\/v2\/posts\/6854","targetHints":{"allow":["GET"]}}],"collection":[{"href":"https:\/\/www.nextmultimedio.com\/index.php?rest_route=\/wp\/v2\/posts"}],"about":[{"href":"https:\/\/www.nextmultimedio.com\/index.php?rest_route=\/wp\/v2\/types\/post"}],"author":[{"embeddable":true,"href":"https:\/\/www.nextmultimedio.com\/index.php?rest_route=\/wp\/v2\/users\/1"}],"replies":[{"embeddable":true,"href":"https:\/\/www.nextmultimedio.com\/index.php?rest_route=%2Fwp%2Fv2%2Fcomments&post=6854"}],"version-history":[{"count":1,"href":"https:\/\/www.nextmultimedio.com\/index.php?rest_route=\/wp\/v2\/posts\/6854\/revisions"}],"predecessor-version":[{"id":6856,"href":"https:\/\/www.nextmultimedio.com\/index.php?rest_route=\/wp\/v2\/posts\/6854\/revisions\/6856"}],"wp:featuredmedia":[{"embeddable":true,"href":"https:\/\/www.nextmultimedio.com\/index.php?rest_route=\/wp\/v2\/media\/6855"}],"wp:attachment":[{"href":"https:\/\/www.nextmultimedio.com\/index.php?rest_route=%2Fwp%2Fv2%2Fmedia&parent=6854"}],"wp:term":[{"taxonomy":"category","embeddable":true,"href":"https:\/\/www.nextmultimedio.com\/index.php?rest_route=%2Fwp%2Fv2%2Fcategories&post=6854"},{"taxonomy":"post_tag","embeddable":true,"href":"https:\/\/www.nextmultimedio.com\/index.php?rest_route=%2Fwp%2Fv2%2Ftags&post=6854"}],"curies":[{"name":"wp","href":"https:\/\/api.w.org\/{rel}","templated":true}]}}