{"id":6851,"date":"2024-04-22T20:07:03","date_gmt":"2024-04-22T23:07:03","guid":{"rendered":"https:\/\/www.nextmultimedio.com\/?p=6851"},"modified":"2024-04-22T20:07:03","modified_gmt":"2024-04-22T23:07:03","slug":"plantaron-nuevas-especies-en-parque-estancia-la-quinta","status":"publish","type":"post","link":"https:\/\/www.nextmultimedio.com\/?p=6851","title":{"rendered":"PLANTARON NUEVAS ESPECIES EN PARQUE ESTANCIA LA QUINTA"},"content":{"rendered":"<div class=\"wp-block-image\">\n<figure class=\"aligncenter size-full\"><img loading=\"lazy\" decoding=\"async\" width=\"853\" height=\"853\" src=\"https:\/\/www.nextmultimedio.com\/wp-content\/uploads\/2024\/04\/438221430_947512444046599_1144618960656295809_n.jpg\" alt=\"\" class=\"wp-image-6852\" srcset=\"https:\/\/www.nextmultimedio.com\/wp-content\/uploads\/2024\/04\/438221430_947512444046599_1144618960656295809_n.jpg 853w, https:\/\/www.nextmultimedio.com\/wp-content\/uploads\/2024\/04\/438221430_947512444046599_1144618960656295809_n-300x300.jpg 300w, https:\/\/www.nextmultimedio.com\/wp-content\/uploads\/2024\/04\/438221430_947512444046599_1144618960656295809_n-768x768.jpg 768w\" sizes=\"auto, (max-width: 853px) 100vw, 853px\" \/><\/figure>\n<\/div>\n\n\n<p>Esta ma\u00f1ana se realiz\u00f3 una nueva jornada de reforestaci\u00f3n urbana en el marco del D\u00eda Mundial de la Tierra. La actividad tuvo lugar en el Parque Estancia La Quinta, donde se plantaron 9 ejemplares de Algarrobo, una especie emblem\u00e1tica de C\u00f3rdoba.<\/p>\n\n\n\n<p>El Parque Estancia La Quinta, \u00e1rea de inter\u00e9s ambiental y patrimonial, es uno de los pulmones verdes de la ciudad, ubicado a pocas cuadras del centro y a orillas del r\u00edo San <a><\/a>Antonio. All\u00ed se viene haciendo un trabajo constante de reforestaci\u00f3n con especies nativas que fueron producidas en el vivero municipal.<\/p>\n\n\n\n<p>Las reforestaciones urbanas aumentan la biodiversidad dentro de las ciudades. Los algarrobos se suman a las numerosas especies que se fueron colocando en el Parque como Laga\u00f1as de perros, Duraznos del campo, Sen del campo, Cha\u00f1ares entre otros \u00e1rboles, herb\u00e1ceas y enredaderas.<\/p>\n\n\n\n<p>Cabe destacar que este d\u00eda se celebra en el marco del Decenio de la ONU para la Restauraci\u00f3n de Ecosistemas. Los ecosistemas son los que sustentan todas las formas de vida de la Tierra. La salud de nuestros ecosistemas depende directamente la salud del planeta y sus habitantes.<\/p>\n\n\n\n<p><a href=\"https:\/\/www.facebook.com\/photo\/?fbid=947512464046597&amp;set=pcb.947512494046594&amp;__cft__[0]=AZXmVQcaYtebNYXFU9oV6TEfIVS5MJim3d3c2KYw9opNeJzsCvKscnwiNSO9fVS2fPkHUtudwdqfeK0wpGlVSFSNXD6rg3Cz8JVn2BD3DUhxT8BESRryC13xBtSufPT8BvPUXiibwrJAZlPOzfe3i0xjjfD9-EggoVvAxUiOhyxRCCdzkHKIdwqMPUqYPdzsU30rCyTkhS7hYpc8Frzja0tk&amp;__tn__=*bH-R\"><\/a><\/p>\n\n\n\n<figure class=\"wp-block-image\"><a href=\"https:\/\/www.facebook.com\/photo\/?fbid=947512464046597&amp;set=pcb.947512494046594&amp;__cft__[0]=AZXmVQcaYtebNYXFU9oV6TEfIVS5MJim3d3c2KYw9opNeJzsCvKscnwiNSO9fVS2fPkHUtudwdqfeK0wpGlVSFSNXD6rg3Cz8JVn2BD3DUhxT8BESRryC13xBtSufPT8BvPUXiibwrJAZlPOzfe3i0xjjfD9-EggoVvAxUiOhyxRCCdzkHKIdwqMPUqYPdzsU30rCyTkhS7hYpc8Frzja0tk&amp;__tn__=*bH-R\"><img decoding=\"async\" src=\"https:\/\/scontent.fcor2-1.fna.fbcdn.net\/v\/t39.30808-6\/438221430_947512444046599_1144618960656295809_n.jpg?stp=dst-jpg_p600x600&amp;_nc_cat=101&amp;ccb=1-7&amp;_nc_sid=5f2048&amp;_nc_eui2=AeF2Vy1jcbh3mrLgegjCkUTaDuKMmZW5rX8O4oyZlbmtf0uTYeW7G0PRzCkB3unfxpI&amp;_nc_ohc=cSwTW_GgIMAAb5xM0DK&amp;_nc_ht=scontent.fcor2-1.fna&amp;oh=00_AfBogVb1uSUyQklu2qKZ05PtCYn0KXYt6EuA_j8zBTf_Mw&amp;oe=662CC04C\" alt=\"\"\/><\/a><\/figure>\n\n\n\n<p><a href=\"https:\/\/www.facebook.com\/photo\/?fbid=947512467379930&amp;set=pcb.947512494046594&amp;__cft__[0]=AZXmVQcaYtebNYXFU9oV6TEfIVS5MJim3d3c2KYw9opNeJzsCvKscnwiNSO9fVS2fPkHUtudwdqfeK0wpGlVSFSNXD6rg3Cz8JVn2BD3DUhxT8BESRryC13xBtSufPT8BvPUXiibwrJAZlPOzfe3i0xjjfD9-EggoVvAxUiOhyxRCCdzkHKIdwqMPUqYPdzsU30rCyTkhS7hYpc8Frzja0tk&amp;__tn__=*bH-R\"><\/a><\/p>\n\n\n\n<figure class=\"wp-block-image\"><a href=\"https:\/\/www.facebook.com\/photo\/?fbid=947512467379930&amp;set=pcb.947512494046594&amp;__cft__[0]=AZXmVQcaYtebNYXFU9oV6TEfIVS5MJim3d3c2KYw9opNeJzsCvKscnwiNSO9fVS2fPkHUtudwdqfeK0wpGlVSFSNXD6rg3Cz8JVn2BD3DUhxT8BESRryC13xBtSufPT8BvPUXiibwrJAZlPOzfe3i0xjjfD9-EggoVvAxUiOhyxRCCdzkHKIdwqMPUqYPdzsU30rCyTkhS7hYpc8Frzja0tk&amp;__tn__=*bH-R\"><img decoding=\"async\" src=\"https:\/\/scontent.fcor2-2.fna.fbcdn.net\/v\/t39.30808-6\/438263233_947512450713265_8080112644360146062_n.jpg?stp=dst-jpg_p600x600&amp;_nc_cat=109&amp;ccb=1-7&amp;_nc_sid=5f2048&amp;_nc_eui2=AeFbRH1X3ShxY3vrh2cOBtPzJjaRHm6353YmNpEebrfndl6jUhhrP_n_ksy0omsYYG0&amp;_nc_ohc=cL6PVF2JZXYAb6P4a1S&amp;_nc_ht=scontent.fcor2-2.fna&amp;oh=00_AfDCY9SU506-4vmSAZGuyJ-BZL5B63RvU6-a0Qg46KVONw&amp;oe=662CB538\" alt=\"\"\/><\/a><\/figure>\n\n\n\n<p><a href=\"https:\/\/www.facebook.com\/photo\/?fbid=947512457379931&amp;set=pcb.947512494046594&amp;__cft__[0]=AZXmVQcaYtebNYXFU9oV6TEfIVS5MJim3d3c2KYw9opNeJzsCvKscnwiNSO9fVS2fPkHUtudwdqfeK0wpGlVSFSNXD6rg3Cz8JVn2BD3DUhxT8BESRryC13xBtSufPT8BvPUXiibwrJAZlPOzfe3i0xjjfD9-EggoVvAxUiOhyxRCCdzkHKIdwqMPUqYPdzsU30rCyTkhS7hYpc8Frzja0tk&amp;__tn__=*bH-R\"><\/a><\/p>\n\n\n\n<figure class=\"wp-block-image\"><a href=\"https:\/\/www.facebook.com\/photo\/?fbid=947512457379931&amp;set=pcb.947512494046594&amp;__cft__[0]=AZXmVQcaYtebNYXFU9oV6TEfIVS5MJim3d3c2KYw9opNeJzsCvKscnwiNSO9fVS2fPkHUtudwdqfeK0wpGlVSFSNXD6rg3Cz8JVn2BD3DUhxT8BESRryC13xBtSufPT8BvPUXiibwrJAZlPOzfe3i0xjjfD9-EggoVvAxUiOhyxRCCdzkHKIdwqMPUqYPdzsU30rCyTkhS7hYpc8Frzja0tk&amp;__tn__=*bH-R\"><img decoding=\"async\" src=\"https:\/\/scontent.fcor2-1.fna.fbcdn.net\/v\/t39.30808-6\/438197238_947512447379932_1031103511603751564_n.jpg?stp=dst-jpg_p600x600&amp;_nc_cat=103&amp;ccb=1-7&amp;_nc_sid=5f2048&amp;_nc_eui2=AeHWWRJMCmseIMnW4wp43fnr23d4C2Ovm8_bd3gLY6-bz3AsCrOQVqQ5JMoXIkKIlX8&amp;_nc_ohc=tdVVqHyUeOoAb5kRoJK&amp;_nc_ht=scontent.fcor2-1.fna&amp;oh=00_AfBfmkGx5CXMKy89AU7i6WKM1qV-XyXdVzt-Eh8ilGkpgQ&amp;oe=662CBCD1\" alt=\"\"\/><\/a><\/figure>\n\n\n\n<p><a href=\"https:\/\/www.facebook.com\/photo\/?fbid=947512460713264&amp;set=pcb.947512494046594&amp;__cft__[0]=AZXmVQcaYtebNYXFU9oV6TEfIVS5MJim3d3c2KYw9opNeJzsCvKscnwiNSO9fVS2fPkHUtudwdqfeK0wpGlVSFSNXD6rg3Cz8JVn2BD3DUhxT8BESRryC13xBtSufPT8BvPUXiibwrJAZlPOzfe3i0xjjfD9-EggoVvAxUiOhyxRCCdzkHKIdwqMPUqYPdzsU30rCyTkhS7hYpc8Frzja0tk&amp;__tn__=*bH-R\"><\/a><\/p>\n\n\n\n<figure class=\"wp-block-image\"><a href=\"https:\/\/www.facebook.com\/photo\/?fbid=947512460713264&amp;set=pcb.947512494046594&amp;__cft__[0]=AZXmVQcaYtebNYXFU9oV6TEfIVS5MJim3d3c2KYw9opNeJzsCvKscnwiNSO9fVS2fPkHUtudwdqfeK0wpGlVSFSNXD6rg3Cz8JVn2BD3DUhxT8BESRryC13xBtSufPT8BvPUXiibwrJAZlPOzfe3i0xjjfD9-EggoVvAxUiOhyxRCCdzkHKIdwqMPUqYPdzsU30rCyTkhS7hYpc8Frzja0tk&amp;__tn__=*bH-R\"><img decoding=\"async\" src=\"https:\/\/scontent.fcor2-2.fna.fbcdn.net\/v\/t39.30808-6\/438300979_947512440713266_6306424808938127705_n.jpg?stp=dst-jpg_p600x600&amp;_nc_cat=109&amp;ccb=1-7&amp;_nc_sid=5f2048&amp;_nc_eui2=AeHsZswBL9fEmxk8_qWp7qhJShVQP3X7CjVKFVA_dfsKNRp212QSnnWlM4N8QbfijX4&amp;_nc_ohc=R3j9NNIe0bIAb6CsEZb&amp;_nc_ht=scontent.fcor2-2.fna&amp;oh=00_AfBefICEkTY_fE-NZr8nqts_LzxTm6ePxcwQvG4ri9bkEw&amp;oe=662CABE6\" alt=\"\"\/><\/a><\/figure>\n","protected":false},"excerpt":{"rendered":"<p>Esta ma\u00f1ana se realiz\u00f3 una nueva jornada de reforestaci\u00f3n urbana en el marco del D\u00eda Mundial de la Tierra. La actividad tuvo lugar en el Parque Estancia La Quinta, donde se plantaron 9 ejemplares de Algarrobo, una especie emblem\u00e1tica de C\u00f3rdoba. El Parque Estancia La Quinta, \u00e1rea de inter\u00e9s ambiental y patrimonial, es uno de [&hellip;]<\/p>\n","protected":false},"author":1,"featured_media":6852,"comment_status":"closed","ping_status":"closed","sticky":false,"template":"","format":"standard","meta":{"footnotes":""},"categories":[69],"tags":[345],"class_list":["post-6851","post","type-post","status-publish","format-standard","has-post-thumbnail","hentry","category-noticias","tag-destacar"],"_links":{"self":[{"href":"https:\/\/www.nextmultimedio.com\/index.php?rest_route=\/wp\/v2\/posts\/6851","targetHints":{"allow":["GET"]}}],"collection":[{"href":"https:\/\/www.nextmultimedio.com\/index.php?rest_route=\/wp\/v2\/posts"}],"about":[{"href":"https:\/\/www.nextmultimedio.com\/index.php?rest_route=\/wp\/v2\/types\/post"}],"author":[{"embeddable":true,"href":"https:\/\/www.nextmultimedio.com\/index.php?rest_route=\/wp\/v2\/users\/1"}],"replies":[{"embeddable":true,"href":"https:\/\/www.nextmultimedio.com\/index.php?rest_route=%2Fwp%2Fv2%2Fcomments&post=6851"}],"version-history":[{"count":1,"href":"https:\/\/www.nextmultimedio.com\/index.php?rest_route=\/wp\/v2\/posts\/6851\/revisions"}],"predecessor-version":[{"id":6853,"href":"https:\/\/www.nextmultimedio.com\/index.php?rest_route=\/wp\/v2\/posts\/6851\/revisions\/6853"}],"wp:featuredmedia":[{"embeddable":true,"href":"https:\/\/www.nextmultimedio.com\/index.php?rest_route=\/wp\/v2\/media\/6852"}],"wp:attachment":[{"href":"https:\/\/www.nextmultimedio.com\/index.php?rest_route=%2Fwp%2Fv2%2Fmedia&parent=6851"}],"wp:term":[{"taxonomy":"category","embeddable":true,"href":"https:\/\/www.nextmultimedio.com\/index.php?rest_route=%2Fwp%2Fv2%2Fcategories&post=6851"},{"taxonomy":"post_tag","embeddable":true,"href":"https:\/\/www.nextmultimedio.com\/index.php?rest_route=%2Fwp%2Fv2%2Ftags&post=6851"}],"curies":[{"name":"wp","href":"https:\/\/api.w.org\/{rel}","templated":true}]}}