{"id":6797,"date":"2024-04-16T18:23:43","date_gmt":"2024-04-16T21:23:43","guid":{"rendered":"https:\/\/www.nextmultimedio.com\/?p=6797"},"modified":"2024-04-16T18:23:44","modified_gmt":"2024-04-16T21:23:44","slug":"nueva-fecha-de-la-liga-municipal-de-escuelas-de-futbol-3","status":"publish","type":"post","link":"https:\/\/www.nextmultimedio.com\/?p=6797","title":{"rendered":"NUEVA FECHA DE LA LIGA MUNICIPAL DE ESCUELAS DE F\u00daTBOL"},"content":{"rendered":"\n<figure class=\"wp-block-image size-full\"><img loading=\"lazy\" decoding=\"async\" width=\"810\" height=\"540\" src=\"https:\/\/www.nextmultimedio.com\/wp-content\/uploads\/2024\/04\/438253804_943513821113128_3452045617960548092_n.jpg\" alt=\"\" class=\"wp-image-6798\" srcset=\"https:\/\/www.nextmultimedio.com\/wp-content\/uploads\/2024\/04\/438253804_943513821113128_3452045617960548092_n.jpg 810w, https:\/\/www.nextmultimedio.com\/wp-content\/uploads\/2024\/04\/438253804_943513821113128_3452045617960548092_n-300x200.jpg 300w, https:\/\/www.nextmultimedio.com\/wp-content\/uploads\/2024\/04\/438253804_943513821113128_3452045617960548092_n-768x512.jpg 768w\" sizes=\"auto, (max-width: 810px) 100vw, 810px\" \/><\/figure>\n\n\n\n<p>Este s\u00e1bado 20 de abril, desde las 9 hs., se desarrollar\u00e1 una nueva fecha de la Liga Municipal de F\u00fatbol, organizada por la Direcci\u00f3n de Eventos Deportivos del Gobierno de la Ciudad.<\/p>\n\n\n\n<p>En esta ocasi\u00f3n las sedes ser\u00e1n: el Polideportivo Santa Rita y Polideportivo Colinas, donde jugar\u00e1n las Escuelas Municipales de La Quinta, Colinas, Altos del Valle, Las Panteras, Sol y R\u00edo, San Antonio, Icho Cruz, El Progreso, escuela Club <a><\/a>Carlos Paz, Independiente y escuela parroquial.<\/p>\n\n\n\n<p>El objetivo de estos encuentros es propiciar la camarader\u00eda, la participaci\u00f3n y el juego limpio, m\u00e1s all\u00e1 de los resultados.<\/p>\n\n\n\n<p><a href=\"https:\/\/www.facebook.com\/photo\/?fbid=943513824446461&amp;set=a.356501556481027&amp;__cft__[0]=AZVd5bWEV2pfUo-o5h0pqvPs4Eijv-e7BQhG0JF6_UBznh2CqRIBf4PHEFty1y4YyadMhsJ50PPaVnsm7ULHJDue3L2ZsE0BctdN4MtkaVX_aVunKzgKkuV6Lu9I23zsZysY5bPFNDleNg7peI6zR2hbB_QRVIn-4O6Bfxk_wgDenncjJwQBuaE5nIgSkBS90PpTuOM7SwCD0Bs9hnPdfwPW&amp;__tn__=EH-R\"><\/a><\/p>\n","protected":false},"excerpt":{"rendered":"<p>Este s\u00e1bado 20 de abril, desde las 9 hs., se desarrollar\u00e1 una nueva fecha de la Liga Municipal de F\u00fatbol, organizada por la Direcci\u00f3n de Eventos Deportivos del Gobierno de la Ciudad. En esta ocasi\u00f3n las sedes ser\u00e1n: el Polideportivo Santa Rita y Polideportivo Colinas, donde jugar\u00e1n las Escuelas Municipales de La Quinta, Colinas, Altos [&hellip;]<\/p>\n","protected":false},"author":1,"featured_media":6798,"comment_status":"closed","ping_status":"closed","sticky":false,"template":"","format":"standard","meta":{"footnotes":""},"categories":[69],"tags":[345],"class_list":["post-6797","post","type-post","status-publish","format-standard","has-post-thumbnail","hentry","category-noticias","tag-destacar"],"_links":{"self":[{"href":"https:\/\/www.nextmultimedio.com\/index.php?rest_route=\/wp\/v2\/posts\/6797","targetHints":{"allow":["GET"]}}],"collection":[{"href":"https:\/\/www.nextmultimedio.com\/index.php?rest_route=\/wp\/v2\/posts"}],"about":[{"href":"https:\/\/www.nextmultimedio.com\/index.php?rest_route=\/wp\/v2\/types\/post"}],"author":[{"embeddable":true,"href":"https:\/\/www.nextmultimedio.com\/index.php?rest_route=\/wp\/v2\/users\/1"}],"replies":[{"embeddable":true,"href":"https:\/\/www.nextmultimedio.com\/index.php?rest_route=%2Fwp%2Fv2%2Fcomments&post=6797"}],"version-history":[{"count":1,"href":"https:\/\/www.nextmultimedio.com\/index.php?rest_route=\/wp\/v2\/posts\/6797\/revisions"}],"predecessor-version":[{"id":6799,"href":"https:\/\/www.nextmultimedio.com\/index.php?rest_route=\/wp\/v2\/posts\/6797\/revisions\/6799"}],"wp:featuredmedia":[{"embeddable":true,"href":"https:\/\/www.nextmultimedio.com\/index.php?rest_route=\/wp\/v2\/media\/6798"}],"wp:attachment":[{"href":"https:\/\/www.nextmultimedio.com\/index.php?rest_route=%2Fwp%2Fv2%2Fmedia&parent=6797"}],"wp:term":[{"taxonomy":"category","embeddable":true,"href":"https:\/\/www.nextmultimedio.com\/index.php?rest_route=%2Fwp%2Fv2%2Fcategories&post=6797"},{"taxonomy":"post_tag","embeddable":true,"href":"https:\/\/www.nextmultimedio.com\/index.php?rest_route=%2Fwp%2Fv2%2Ftags&post=6797"}],"curies":[{"name":"wp","href":"https:\/\/api.w.org\/{rel}","templated":true}]}}