{"id":6764,"date":"2024-04-12T18:03:03","date_gmt":"2024-04-12T21:03:03","guid":{"rendered":"https:\/\/www.nextmultimedio.com\/?p=6764"},"modified":"2024-04-12T18:03:03","modified_gmt":"2024-04-12T21:03:03","slug":"llega-la-primer-feria-del-coleccionismo","status":"publish","type":"post","link":"https:\/\/www.nextmultimedio.com\/?p=6764","title":{"rendered":"LLEGA LA PRIMER FERIA DEL COLECCIONISMO"},"content":{"rendered":"<div class=\"wp-block-image\">\n<figure class=\"aligncenter size-full\"><img loading=\"lazy\" decoding=\"async\" width=\"810\" height=\"540\" src=\"https:\/\/www.nextmultimedio.com\/wp-content\/uploads\/2024\/04\/437590537_940698264728017_2976084162262696218_n.jpg\" alt=\"\" class=\"wp-image-6766\" srcset=\"https:\/\/www.nextmultimedio.com\/wp-content\/uploads\/2024\/04\/437590537_940698264728017_2976084162262696218_n.jpg 810w, https:\/\/www.nextmultimedio.com\/wp-content\/uploads\/2024\/04\/437590537_940698264728017_2976084162262696218_n-300x200.jpg 300w, https:\/\/www.nextmultimedio.com\/wp-content\/uploads\/2024\/04\/437590537_940698264728017_2976084162262696218_n-768x512.jpg 768w\" sizes=\"auto, (max-width: 810px) 100vw, 810px\" \/><\/figure>\n<\/div>\n\n\n<p>\u201cCarlos Paz sin escalas\u201d se denomina la 1\u00ba edici\u00f3n de la Feria de coleccionismo que tendr\u00e1 lugar el pr\u00f3ximo domingo 14 de abril, de 12 a 20 hs., en las instalaciones de Green Paradise (Av. General Paz 280) organizado por Coleccionistas C\u00f3rdoba.<\/p>\n\n\n\n<p>Estar\u00e1n presentes los principales expositores de la regi\u00f3n, provincia de C\u00f3rdoba, Buenos Aires, Santa Fe y Tucum\u00e1n con venta y exhibici\u00f3n de colecciones y piezas, diecast, figuras, dioramas, <a><\/a>vitrinas, custom en vivo y sorteos.<\/p>\n\n\n\n<p>La entrada ser\u00e1 libre y gratuita, con un bono contribuci\u00f3n de $ 500 para la participaci\u00f3n en sorteos de miniaturas.<\/p>\n\n\n\n<p><a href=\"https:\/\/www.facebook.com\/photo\/?fbid=940698271394683&amp;set=a.356501556481027&amp;__cft__[0]=AZUG8W7dHymKYr_wjZJMCkuRejVVlCyxCZio7i3D-O4CvNLXgfQc3kLY7NddxEzA0H7ewzoNgb8FyfwBDPEKQlZ-cbTKJaK0Bzw8UphWF8Fjt0OV3z0whPFkN6gVFe8qsFRR-GvGUeM2W6GDUR2xssVgLbNkG6ngUsoaxnQ6wO0Z46B0QlcFCrKETmXDVkYfMZk&amp;__tn__=EH-R\"><\/a><\/p>\n","protected":false},"excerpt":{"rendered":"<p>\u201cCarlos Paz sin escalas\u201d se denomina la 1\u00ba edici\u00f3n de la Feria de coleccionismo que tendr\u00e1 lugar el pr\u00f3ximo domingo 14 de abril, de 12 a 20 hs., en las instalaciones de Green Paradise (Av. General Paz 280) organizado por Coleccionistas C\u00f3rdoba. Estar\u00e1n presentes los principales expositores de la regi\u00f3n, provincia de C\u00f3rdoba, Buenos Aires, [&hellip;]<\/p>\n","protected":false},"author":1,"featured_media":6766,"comment_status":"closed","ping_status":"closed","sticky":false,"template":"","format":"standard","meta":{"footnotes":""},"categories":[69],"tags":[345],"class_list":["post-6764","post","type-post","status-publish","format-standard","has-post-thumbnail","hentry","category-noticias","tag-destacar"],"_links":{"self":[{"href":"https:\/\/www.nextmultimedio.com\/index.php?rest_route=\/wp\/v2\/posts\/6764","targetHints":{"allow":["GET"]}}],"collection":[{"href":"https:\/\/www.nextmultimedio.com\/index.php?rest_route=\/wp\/v2\/posts"}],"about":[{"href":"https:\/\/www.nextmultimedio.com\/index.php?rest_route=\/wp\/v2\/types\/post"}],"author":[{"embeddable":true,"href":"https:\/\/www.nextmultimedio.com\/index.php?rest_route=\/wp\/v2\/users\/1"}],"replies":[{"embeddable":true,"href":"https:\/\/www.nextmultimedio.com\/index.php?rest_route=%2Fwp%2Fv2%2Fcomments&post=6764"}],"version-history":[{"count":1,"href":"https:\/\/www.nextmultimedio.com\/index.php?rest_route=\/wp\/v2\/posts\/6764\/revisions"}],"predecessor-version":[{"id":6767,"href":"https:\/\/www.nextmultimedio.com\/index.php?rest_route=\/wp\/v2\/posts\/6764\/revisions\/6767"}],"wp:featuredmedia":[{"embeddable":true,"href":"https:\/\/www.nextmultimedio.com\/index.php?rest_route=\/wp\/v2\/media\/6766"}],"wp:attachment":[{"href":"https:\/\/www.nextmultimedio.com\/index.php?rest_route=%2Fwp%2Fv2%2Fmedia&parent=6764"}],"wp:term":[{"taxonomy":"category","embeddable":true,"href":"https:\/\/www.nextmultimedio.com\/index.php?rest_route=%2Fwp%2Fv2%2Fcategories&post=6764"},{"taxonomy":"post_tag","embeddable":true,"href":"https:\/\/www.nextmultimedio.com\/index.php?rest_route=%2Fwp%2Fv2%2Ftags&post=6764"}],"curies":[{"name":"wp","href":"https:\/\/api.w.org\/{rel}","templated":true}]}}