{"id":6754,"date":"2024-04-11T19:42:25","date_gmt":"2024-04-11T22:42:25","guid":{"rendered":"https:\/\/www.nextmultimedio.com\/?p=6754"},"modified":"2024-04-11T19:55:35","modified_gmt":"2024-04-11T22:55:35","slug":"nueva-fecha-de-la-liga-municipal-de-escuelas-de-futbol-2","status":"publish","type":"post","link":"https:\/\/www.nextmultimedio.com\/?p=6754","title":{"rendered":"NUEVA FECHA DE LA LIGA MUNICIPAL DE ESCUELAS DE F\u00daTBOL"},"content":{"rendered":"\n<figure class=\"wp-block-image size-full\"><img loading=\"lazy\" decoding=\"async\" width=\"810\" height=\"540\" src=\"https:\/\/www.nextmultimedio.com\/wp-content\/uploads\/2024\/04\/436305495_939973648133812_2808567997619721616_n.jpg\" alt=\"\" class=\"wp-image-6755\" srcset=\"https:\/\/www.nextmultimedio.com\/wp-content\/uploads\/2024\/04\/436305495_939973648133812_2808567997619721616_n.jpg 810w, https:\/\/www.nextmultimedio.com\/wp-content\/uploads\/2024\/04\/436305495_939973648133812_2808567997619721616_n-300x200.jpg 300w, https:\/\/www.nextmultimedio.com\/wp-content\/uploads\/2024\/04\/436305495_939973648133812_2808567997619721616_n-768x512.jpg 768w\" sizes=\"auto, (max-width: 810px) 100vw, 810px\" \/><\/figure>\n\n\n\n<p>Este s\u00e1bado 13 de abril, desde las 9 hs., se desarrollar\u00e1 una nueva fecha de la Liga Municipal de F\u00fatbol, organizada por la Direcci\u00f3n de Eventos Deportivos del Gobierno de la Ciudad.<\/p>\n\n\n\n<p>En esta ocasi\u00f3n las sedes ser\u00e1n: el Polideportivo Santa Rita y Polideportivo Colinas, donde jugar\u00e1n las Escuelas Municipales de La Quinta, Colinas, Altos del Valle, Las Panteras, Sol y R\u00edo, San Antonio, Icho Cruz, El Progreso, escuela Club <a><\/a>Carlos Paz, Independiente y escuela parroquial.<\/p>\n\n\n\n<p>El objetivo de estos encuentros es propiciar la camarader\u00eda, la participaci\u00f3n y el juego limpio, m\u00e1s all\u00e1 de los resultados.<\/p>\n\n\n\n<p><a href=\"https:\/\/www.facebook.com\/photo\/?fbid=939973658133811&amp;set=a.356501556481027&amp;__cft__[0]=AZVbpb5RGwB6LAvriUufagIrvVLP3ajKOhoqTFwH6uKUdhckscopu5tvqRsdNIbYD4y0HU9992K9bBZZyO8P6tLgwHsSiet46bwYm3OTXJLaalnYAfj0V8ewwPqRHryntDm9uUuNK8h_CSdgx9SDSpx9RRWFonPePJOyod6d-5N3DMRs4qOBOQLkHs2GAF1_o6U&amp;__tn__=EH-R\"><\/a><\/p>\n","protected":false},"excerpt":{"rendered":"<p>Este s\u00e1bado 13 de abril, desde las 9 hs., se desarrollar\u00e1 una nueva fecha de la Liga Municipal de F\u00fatbol, organizada por la Direcci\u00f3n de Eventos Deportivos del Gobierno de la Ciudad. En esta ocasi\u00f3n las sedes ser\u00e1n: el Polideportivo Santa Rita y Polideportivo Colinas, donde jugar\u00e1n las Escuelas Municipales de La Quinta, Colinas, Altos [&hellip;]<\/p>\n","protected":false},"author":1,"featured_media":6755,"comment_status":"closed","ping_status":"closed","sticky":false,"template":"","format":"standard","meta":{"footnotes":""},"categories":[69],"tags":[345],"class_list":["post-6754","post","type-post","status-publish","format-standard","has-post-thumbnail","hentry","category-noticias","tag-destacar"],"_links":{"self":[{"href":"https:\/\/www.nextmultimedio.com\/index.php?rest_route=\/wp\/v2\/posts\/6754","targetHints":{"allow":["GET"]}}],"collection":[{"href":"https:\/\/www.nextmultimedio.com\/index.php?rest_route=\/wp\/v2\/posts"}],"about":[{"href":"https:\/\/www.nextmultimedio.com\/index.php?rest_route=\/wp\/v2\/types\/post"}],"author":[{"embeddable":true,"href":"https:\/\/www.nextmultimedio.com\/index.php?rest_route=\/wp\/v2\/users\/1"}],"replies":[{"embeddable":true,"href":"https:\/\/www.nextmultimedio.com\/index.php?rest_route=%2Fwp%2Fv2%2Fcomments&post=6754"}],"version-history":[{"count":1,"href":"https:\/\/www.nextmultimedio.com\/index.php?rest_route=\/wp\/v2\/posts\/6754\/revisions"}],"predecessor-version":[{"id":6756,"href":"https:\/\/www.nextmultimedio.com\/index.php?rest_route=\/wp\/v2\/posts\/6754\/revisions\/6756"}],"wp:featuredmedia":[{"embeddable":true,"href":"https:\/\/www.nextmultimedio.com\/index.php?rest_route=\/wp\/v2\/media\/6755"}],"wp:attachment":[{"href":"https:\/\/www.nextmultimedio.com\/index.php?rest_route=%2Fwp%2Fv2%2Fmedia&parent=6754"}],"wp:term":[{"taxonomy":"category","embeddable":true,"href":"https:\/\/www.nextmultimedio.com\/index.php?rest_route=%2Fwp%2Fv2%2Fcategories&post=6754"},{"taxonomy":"post_tag","embeddable":true,"href":"https:\/\/www.nextmultimedio.com\/index.php?rest_route=%2Fwp%2Fv2%2Ftags&post=6754"}],"curies":[{"name":"wp","href":"https:\/\/api.w.org\/{rel}","templated":true}]}}