{"id":6751,"date":"2024-04-11T19:35:40","date_gmt":"2024-04-11T22:35:40","guid":{"rendered":"https:\/\/www.nextmultimedio.com\/?p=6751"},"modified":"2024-04-11T19:37:10","modified_gmt":"2024-04-11T22:37:10","slug":"llega-el-ecocanje-de-abril","status":"publish","type":"post","link":"https:\/\/www.nextmultimedio.com\/?p=6751","title":{"rendered":"LLEGA EL ECOCANJE DE ABRIL"},"content":{"rendered":"<div class=\"wp-block-image\">\n<figure class=\"aligncenter size-full\"><img loading=\"lazy\" decoding=\"async\" width=\"526\" height=\"526\" src=\"https:\/\/www.nextmultimedio.com\/wp-content\/uploads\/2024\/04\/436261953_939974664800377_3426963406328882936_n.jpg\" alt=\"\" class=\"wp-image-6752\" srcset=\"https:\/\/www.nextmultimedio.com\/wp-content\/uploads\/2024\/04\/436261953_939974664800377_3426963406328882936_n.jpg 526w, https:\/\/www.nextmultimedio.com\/wp-content\/uploads\/2024\/04\/436261953_939974664800377_3426963406328882936_n-300x300.jpg 300w\" sizes=\"auto, (max-width: 526px) 100vw, 526px\" \/><\/figure>\n<\/div>\n\n\n<p>El Gobierno de la ciudad invita a los vecinos e instituciones a sumarse a estas jornadas de conciencia y educaci\u00f3n ambiental. Las mismas se realizan todos los meses y tienen cada vez m\u00e1s seguidores.<\/p>\n\n\n\n<p>Este pr\u00f3ximo viernes 19 de abril se realizar\u00e1 una nueva edici\u00f3n del Ecocanje, en el marco del D\u00eda Mundial de la Tierra. La convocatoria es en la plaza del CAS (Plaza del Avi\u00f3n), de 10 a 12hs.<\/p>\n\n\n\n<p>Se <a><\/a>reciben ecobotellas, botellas PET (limpias y secas) y distintos materiales reciclables como aceite de cocina usado y tapitas pl\u00e1sticas para la asociaci\u00f3n protectora de animales IPAD. Adem\u00e1s de pilas de uso dom\u00e9stico y bater\u00edas de celulares para su correcta gesti\u00f3n y disposici\u00f3n final.<\/p>\n\n\n\n<p>Los vecinos podr\u00e1n llevarse semillas de estaci\u00f3n para huerta, plantines, \u00e1rboles nativos y ecobolsas. Tambi\u00e9n habr\u00e1 un punto de capacitaci\u00f3n para adhesi\u00f3n a la boleta electr\u00f3nica, una forma de ahorrar papel.<\/p>\n\n\n\n<p>Las \u201cEcobotellas\u201d se arman usando envases de PET de cualquier tama\u00f1o, rellenos de residuos pl\u00e1sticos varios. Esta es una forma de reducir el volumen de los residuos secos y evitar la dispersi\u00f3n de envoltorios, papeles y bolsas en la ciudad.<\/p>\n\n\n\n<p>Promoviendo la separaci\u00f3n en origen y correcta disposici\u00f3n de cada tipo de residuo, se extiende la vida \u00fatil del Centro Ambiental.<\/p>\n\n\n\n<p><a href=\"https:\/\/www.facebook.com\/photo\/?fbid=939974668133710&amp;set=a.356501556481027&amp;__cft__[0]=AZWPul0oEhPzdWaIDvCQAB5q7l573eOPWsK1YMLOxLHmzA_hjfqc4JvS6FCvYUM7_J_Ek2f7c6922GIkffdQk69YSSkS4OatQTi4inM22zCa072op3abuxVnxIqrDcK1hyRMnoXyVDN6VQRit_8PCJPjtNDBo6nTYaevLU2E3jSCGlXJXN0PO7ni3YCSSOshkT8&amp;__tn__=EH-R\"><\/a><\/p>\n","protected":false},"excerpt":{"rendered":"<p>El Gobierno de la ciudad invita a los vecinos e instituciones a sumarse a estas jornadas de conciencia y educaci\u00f3n ambiental. Las mismas se realizan todos los meses y tienen cada vez m\u00e1s seguidores. Este pr\u00f3ximo viernes 19 de abril se realizar\u00e1 una nueva edici\u00f3n del Ecocanje, en el marco del D\u00eda Mundial de la [&hellip;]<\/p>\n","protected":false},"author":1,"featured_media":6752,"comment_status":"closed","ping_status":"closed","sticky":false,"template":"","format":"standard","meta":{"footnotes":""},"categories":[69],"tags":[345],"class_list":["post-6751","post","type-post","status-publish","format-standard","has-post-thumbnail","hentry","category-noticias","tag-destacar"],"_links":{"self":[{"href":"https:\/\/www.nextmultimedio.com\/index.php?rest_route=\/wp\/v2\/posts\/6751","targetHints":{"allow":["GET"]}}],"collection":[{"href":"https:\/\/www.nextmultimedio.com\/index.php?rest_route=\/wp\/v2\/posts"}],"about":[{"href":"https:\/\/www.nextmultimedio.com\/index.php?rest_route=\/wp\/v2\/types\/post"}],"author":[{"embeddable":true,"href":"https:\/\/www.nextmultimedio.com\/index.php?rest_route=\/wp\/v2\/users\/1"}],"replies":[{"embeddable":true,"href":"https:\/\/www.nextmultimedio.com\/index.php?rest_route=%2Fwp%2Fv2%2Fcomments&post=6751"}],"version-history":[{"count":1,"href":"https:\/\/www.nextmultimedio.com\/index.php?rest_route=\/wp\/v2\/posts\/6751\/revisions"}],"predecessor-version":[{"id":6753,"href":"https:\/\/www.nextmultimedio.com\/index.php?rest_route=\/wp\/v2\/posts\/6751\/revisions\/6753"}],"wp:featuredmedia":[{"embeddable":true,"href":"https:\/\/www.nextmultimedio.com\/index.php?rest_route=\/wp\/v2\/media\/6752"}],"wp:attachment":[{"href":"https:\/\/www.nextmultimedio.com\/index.php?rest_route=%2Fwp%2Fv2%2Fmedia&parent=6751"}],"wp:term":[{"taxonomy":"category","embeddable":true,"href":"https:\/\/www.nextmultimedio.com\/index.php?rest_route=%2Fwp%2Fv2%2Fcategories&post=6751"},{"taxonomy":"post_tag","embeddable":true,"href":"https:\/\/www.nextmultimedio.com\/index.php?rest_route=%2Fwp%2Fv2%2Ftags&post=6751"}],"curies":[{"name":"wp","href":"https:\/\/api.w.org\/{rel}","templated":true}]}}