{"id":6726,"date":"2024-04-09T21:51:35","date_gmt":"2024-04-10T00:51:35","guid":{"rendered":"https:\/\/www.nextmultimedio.com\/?p=6726"},"modified":"2024-04-09T21:51:35","modified_gmt":"2024-04-10T00:51:35","slug":"con-llaryora-y-schiaretti-inauguraron-una-escultura-en-honor-a-sonia-torres","status":"publish","type":"post","link":"https:\/\/www.nextmultimedio.com\/?p=6726","title":{"rendered":"CON LLARYORA Y SCHIARETTI, INAUGURARON UNA ESCULTURA EN HONOR A SONIA TORRES"},"content":{"rendered":"\n<figure class=\"wp-block-image size-full\"><img loading=\"lazy\" decoding=\"async\" width=\"760\" height=\"469\" src=\"https:\/\/www.nextmultimedio.com\/wp-content\/uploads\/2024\/04\/ARCHI_1098531.jpg\" alt=\"\" class=\"wp-image-6727\" srcset=\"https:\/\/www.nextmultimedio.com\/wp-content\/uploads\/2024\/04\/ARCHI_1098531.jpg 760w, https:\/\/www.nextmultimedio.com\/wp-content\/uploads\/2024\/04\/ARCHI_1098531-300x185.jpg 300w, https:\/\/www.nextmultimedio.com\/wp-content\/uploads\/2024\/04\/ARCHI_1098531-95x60.jpg 95w\" sizes=\"auto, (max-width: 760px) 100vw, 760px\" \/><\/figure>\n\n\n\n<p>Una escultura en honor a la hist\u00f3rica presidenta de Abuelas en C\u00f3rdoba, Sonia Torres, fue inaugurada este martes en la Plaza de la Merced, frente a la casa de la organizaci\u00f3n.<\/p>\n\n\n\n<p>Cuando Sonia falleci\u00f3, en octubre del a\u00f1o pasado a sus 94 a\u00f1os y sin poder haber conocido a su nieto, el gobernador en aquel momento, Juan Schiaretti, hab\u00eda prometido realizar este homenaje y envi\u00f3 un proyecto a la Legislatura de C\u00f3rdoba para llevar adelante esta iniciativa, que luego fue aprobado.<\/p>\n\n\n\n<p>Torres se convirti\u00f3 en s\u00edmbolo de la lucha por los derechos humanos, con esperanza hasta el final de sus d\u00edas.<\/p>\n\n\n\n<p>La obra fue realizada por Trinidad Caminos, la escultora cordobesa reconocida local e internacionalmente por la sensibilidad de su obra.<\/p>\n\n\n\n<p>La escultura recrea a Sonia Torres a escala real, sentada con sus piernas cruzadas en un banco frente a la sede de Abuelas.<\/p>\n\n\n\n<p>El acto que se llev\u00f3 a cabo desde las seis de la tarde cont\u00f3 con la presencia del actual gobernador Mart\u00edn Llaryora, Camila G\u00f3mez Parodi, nieta de Sonia y actual titular de Abuelas en C\u00f3rdoba, y el mismo Schiaretti.<\/p>\n\n\n\n<p>En referencia a Sonia Torres y los desaparecidos durante la dictadura militar argentina, Llaryora expres\u00f3 a Cadena 3: &#8220;Frente a las historias y a la historia de vida de personajes como Sonia Torres, las palabras siempre quedan chicas\u2026 Creo que lo importante es reivindicar la vida de los 30.000 desaparecidos&#8221;.<\/p>\n\n\n\n<p>Schiaretti tambi\u00e9n tuvo palabras para Torres: &#8220;Merecido homenaje a Sonia Torres porque ella es un s\u00edmbolo de defensa del derecho humano. Una persona que junto con su familia sufri\u00f3 los horrores de la dictadura genocida\u2026 Por eso merecido homenaje a Sonia Torres&#8221;.<\/p>\n\n\n\n<p>Informaci\u00f3n e im\u00e1genes: Cadena 3<\/p>\n","protected":false},"excerpt":{"rendered":"<p>Una escultura en honor a la hist\u00f3rica presidenta de Abuelas en C\u00f3rdoba, Sonia Torres, fue inaugurada este martes en la Plaza de la Merced, frente a la casa de la organizaci\u00f3n. Cuando Sonia falleci\u00f3, en octubre del a\u00f1o pasado a sus 94 a\u00f1os y sin poder haber conocido a su nieto, el gobernador en aquel [&hellip;]<\/p>\n","protected":false},"author":1,"featured_media":6727,"comment_status":"closed","ping_status":"closed","sticky":false,"template":"","format":"standard","meta":{"footnotes":""},"categories":[69],"tags":[345],"class_list":["post-6726","post","type-post","status-publish","format-standard","has-post-thumbnail","hentry","category-noticias","tag-destacar"],"_links":{"self":[{"href":"https:\/\/www.nextmultimedio.com\/index.php?rest_route=\/wp\/v2\/posts\/6726","targetHints":{"allow":["GET"]}}],"collection":[{"href":"https:\/\/www.nextmultimedio.com\/index.php?rest_route=\/wp\/v2\/posts"}],"about":[{"href":"https:\/\/www.nextmultimedio.com\/index.php?rest_route=\/wp\/v2\/types\/post"}],"author":[{"embeddable":true,"href":"https:\/\/www.nextmultimedio.com\/index.php?rest_route=\/wp\/v2\/users\/1"}],"replies":[{"embeddable":true,"href":"https:\/\/www.nextmultimedio.com\/index.php?rest_route=%2Fwp%2Fv2%2Fcomments&post=6726"}],"version-history":[{"count":1,"href":"https:\/\/www.nextmultimedio.com\/index.php?rest_route=\/wp\/v2\/posts\/6726\/revisions"}],"predecessor-version":[{"id":6728,"href":"https:\/\/www.nextmultimedio.com\/index.php?rest_route=\/wp\/v2\/posts\/6726\/revisions\/6728"}],"wp:featuredmedia":[{"embeddable":true,"href":"https:\/\/www.nextmultimedio.com\/index.php?rest_route=\/wp\/v2\/media\/6727"}],"wp:attachment":[{"href":"https:\/\/www.nextmultimedio.com\/index.php?rest_route=%2Fwp%2Fv2%2Fmedia&parent=6726"}],"wp:term":[{"taxonomy":"category","embeddable":true,"href":"https:\/\/www.nextmultimedio.com\/index.php?rest_route=%2Fwp%2Fv2%2Fcategories&post=6726"},{"taxonomy":"post_tag","embeddable":true,"href":"https:\/\/www.nextmultimedio.com\/index.php?rest_route=%2Fwp%2Fv2%2Ftags&post=6726"}],"curies":[{"name":"wp","href":"https:\/\/api.w.org\/{rel}","templated":true}]}}