{"id":6705,"date":"2024-04-08T21:50:39","date_gmt":"2024-04-09T00:50:39","guid":{"rendered":"https:\/\/www.nextmultimedio.com\/?p=6705"},"modified":"2024-04-08T21:50:40","modified_gmt":"2024-04-09T00:50:40","slug":"a-partir-de-las-00hs-se-levanta-el-paro-de-transporte","status":"publish","type":"post","link":"https:\/\/www.nextmultimedio.com\/?p=6705","title":{"rendered":"A PARTIR DE LAS 00HS SE LEVANTA EL PARO DE TRANSPORTE"},"content":{"rendered":"<div class=\"wp-block-image\">\n<figure class=\"aligncenter size-full\"><img loading=\"lazy\" decoding=\"async\" width=\"526\" height=\"526\" src=\"https:\/\/www.nextmultimedio.com\/wp-content\/uploads\/2024\/04\/434875462_937993178331859_1545130888622668998_n.jpg\" alt=\"\" class=\"wp-image-6706\" srcset=\"https:\/\/www.nextmultimedio.com\/wp-content\/uploads\/2024\/04\/434875462_937993178331859_1545130888622668998_n.jpg 526w, https:\/\/www.nextmultimedio.com\/wp-content\/uploads\/2024\/04\/434875462_937993178331859_1545130888622668998_n-300x300.jpg 300w\" sizes=\"auto, (max-width: 526px) 100vw, 526px\" \/><\/figure>\n<\/div>\n\n\n<p>Se anunci\u00f3 el levantamiento del paro de transporte interurbano que comenz\u00f3 a las 0.00 horas de hoy.<br><br>Esta decisi\u00f3n se ha tomado tras intensas negociaciones entre representantes del gobierno provincial, las c\u00e1maras empresariales y las entidades gremiales.<br><br>El servicio de transporte interurbano volver\u00e1 a estar operativo a partir de las 0 horas de este martes 9 del corriente mes.<br><br>Asimismo, se acord\u00f3 la conformaci\u00f3n de una mesa tripartita que tendr\u00e1 lugar el d\u00eda mi\u00e9rcoles al mediod\u00eda.<br><br>En esta mesa de di\u00e1logo participar\u00e1n representantes de la provincia, las c\u00e1maras empresariales del sector y la entidad gremial, con el objetivo de llevar a cabo una reestructuraci\u00f3n integral del sistema de transporte interurbano de pasajeros.<br><br>El Secretario de Transporte de la Provincia, Marcelo Rodio, destac\u00f3 la importancia del acuerdo alcanzado: &#8220;Gracias a la gesti\u00f3n del gobernador y al compromiso demostrado por todas las partes involucradas, hemos logrado llegar a un acuerdo que nos permite levantar la medida de fuerza. Ma\u00f1ana, todos los vecinos podr\u00e1n volver a utilizar el servicio con normalidad, garantizando as\u00ed el derecho a la movilidad&#8221;, manifest\u00f3 Rodio.&nbsp;<\/p>\n\n\n\n<p><\/p>\n\n\n\n\n\n\n\n\n\n<p><\/p>\n","protected":false},"excerpt":{"rendered":"<p>Se anunci\u00f3 el levantamiento del paro de transporte interurbano que comenz\u00f3 a las 0.00 horas de hoy. Esta decisi\u00f3n se ha tomado tras intensas negociaciones entre representantes del gobierno provincial, las c\u00e1maras empresariales y las entidades gremiales. El servicio de transporte interurbano volver\u00e1 a estar operativo a partir de las 0 horas de este martes [&hellip;]<\/p>\n","protected":false},"author":1,"featured_media":6706,"comment_status":"closed","ping_status":"closed","sticky":false,"template":"","format":"standard","meta":{"footnotes":""},"categories":[69],"tags":[345],"class_list":["post-6705","post","type-post","status-publish","format-standard","has-post-thumbnail","hentry","category-noticias","tag-destacar"],"_links":{"self":[{"href":"https:\/\/www.nextmultimedio.com\/index.php?rest_route=\/wp\/v2\/posts\/6705","targetHints":{"allow":["GET"]}}],"collection":[{"href":"https:\/\/www.nextmultimedio.com\/index.php?rest_route=\/wp\/v2\/posts"}],"about":[{"href":"https:\/\/www.nextmultimedio.com\/index.php?rest_route=\/wp\/v2\/types\/post"}],"author":[{"embeddable":true,"href":"https:\/\/www.nextmultimedio.com\/index.php?rest_route=\/wp\/v2\/users\/1"}],"replies":[{"embeddable":true,"href":"https:\/\/www.nextmultimedio.com\/index.php?rest_route=%2Fwp%2Fv2%2Fcomments&post=6705"}],"version-history":[{"count":1,"href":"https:\/\/www.nextmultimedio.com\/index.php?rest_route=\/wp\/v2\/posts\/6705\/revisions"}],"predecessor-version":[{"id":6707,"href":"https:\/\/www.nextmultimedio.com\/index.php?rest_route=\/wp\/v2\/posts\/6705\/revisions\/6707"}],"wp:featuredmedia":[{"embeddable":true,"href":"https:\/\/www.nextmultimedio.com\/index.php?rest_route=\/wp\/v2\/media\/6706"}],"wp:attachment":[{"href":"https:\/\/www.nextmultimedio.com\/index.php?rest_route=%2Fwp%2Fv2%2Fmedia&parent=6705"}],"wp:term":[{"taxonomy":"category","embeddable":true,"href":"https:\/\/www.nextmultimedio.com\/index.php?rest_route=%2Fwp%2Fv2%2Fcategories&post=6705"},{"taxonomy":"post_tag","embeddable":true,"href":"https:\/\/www.nextmultimedio.com\/index.php?rest_route=%2Fwp%2Fv2%2Ftags&post=6705"}],"curies":[{"name":"wp","href":"https:\/\/api.w.org\/{rel}","templated":true}]}}