{"id":6702,"date":"2024-04-08T21:47:39","date_gmt":"2024-04-09T00:47:39","guid":{"rendered":"https:\/\/www.nextmultimedio.com\/?p=6702"},"modified":"2024-04-08T21:47:40","modified_gmt":"2024-04-09T00:47:40","slug":"presentacion-de-la-comision-de-identidad-carlospacense","status":"publish","type":"post","link":"https:\/\/www.nextmultimedio.com\/?p=6702","title":{"rendered":"PRESENTACI\u00d3N DE LA COMISI\u00d3N DE IDENTIDAD CARLOSPACENSE"},"content":{"rendered":"<div class=\"wp-block-image\">\n<figure class=\"aligncenter size-full\"><img loading=\"lazy\" decoding=\"async\" width=\"526\" height=\"526\" src=\"https:\/\/www.nextmultimedio.com\/wp-content\/uploads\/2024\/04\/434863683_938035158327661_3176841965209836389_n.jpg\" alt=\"\" class=\"wp-image-6703\" srcset=\"https:\/\/www.nextmultimedio.com\/wp-content\/uploads\/2024\/04\/434863683_938035158327661_3176841965209836389_n.jpg 526w, https:\/\/www.nextmultimedio.com\/wp-content\/uploads\/2024\/04\/434863683_938035158327661_3176841965209836389_n-300x300.jpg 300w\" sizes=\"auto, (max-width: 526px) 100vw, 526px\" \/><\/figure>\n<\/div>\n\n\n<p>El Intendente Esteban Avil\u00e9s present\u00f3 junto a importantes referentes de nuestra ciudad la creaci\u00f3n de la Comisi\u00f3n de Identidad Carlospacense, una comisi\u00f3n abierta a la comunidad y conformada por representantes de los \u00e1mbitos de la historia, la educaci\u00f3n, la comunicaci\u00f3n, la cultura y la juventud de la ciudad.<\/p>\n\n\n\n<p>En la oportunidad estuvieron presentes N\u00e9lida Besada de Pescetti, Ernesto Montesinos, Hugo Bergese, Pedro Solans, <a><\/a>Gustavo \u00c1vila Paz y Carlos Mart\u00ednez como coordinador de la Casa de la Juventud de Carlos Paz.<\/p>\n\n\n\n<p>Revalorizar la identidad carlospacense nos permite visibilizar nuestra historia, viajar al pasado para reconocer a nuestros fundadores, quienes fueron visionarios y construyeron los cimientos de esta hermosa villa como as\u00ed tambi\u00e9n lo hicieron cada una de las familias e instituciones de toda la comunidad.<\/p>\n\n\n\n<p>Darle valor a la identidad es fortalecer los lazos comunitarios de nuestro presente, donde vecinos e instituciones conformamos esta gran villa que tiene un perfil social, tur\u00edstico y sostenible establecido por la Carta Org\u00e1nica Municipal.<\/p>\n\n\n\n<p>La Comisi\u00f3n de Identidad Carlospacense es una herramienta de participaci\u00f3n colectiva con el fin de generar proyectos que aporten a la construcci\u00f3n identitaria de los carlospacenses en su vida diaria.<\/p>\n\n\n\n<p><a href=\"https:\/\/www.facebook.com\/photo\/?fbid=938035161660994&amp;set=a.356501556481027&amp;__cft__[0]=AZUmEdui911OzGO_boeJbt88j0xMTkiGJrLDl6S3TLFf8HniHmBN6Bzz-M_4YSvkd5Q0v8q2yz15rh6dcit-n35tiXoAcZD5AFX35oxq2dt-0PIXfsgaEcWqO7vF4buwFq7hacv28rCwP6ufdiNKZOgfcfgMyzOaVAowmKEGXn-uOpz9Rl6HqcfTK8-vOiSx-D8&amp;__tn__=EH-R\"><\/a><\/p>\n","protected":false},"excerpt":{"rendered":"<p>El Intendente Esteban Avil\u00e9s present\u00f3 junto a importantes referentes de nuestra ciudad la creaci\u00f3n de la Comisi\u00f3n de Identidad Carlospacense, una comisi\u00f3n abierta a la comunidad y conformada por representantes de los \u00e1mbitos de la historia, la educaci\u00f3n, la comunicaci\u00f3n, la cultura y la juventud de la ciudad. En la oportunidad estuvieron presentes N\u00e9lida Besada [&hellip;]<\/p>\n","protected":false},"author":1,"featured_media":6703,"comment_status":"closed","ping_status":"closed","sticky":false,"template":"","format":"standard","meta":{"footnotes":""},"categories":[69],"tags":[345],"class_list":["post-6702","post","type-post","status-publish","format-standard","has-post-thumbnail","hentry","category-noticias","tag-destacar"],"_links":{"self":[{"href":"https:\/\/www.nextmultimedio.com\/index.php?rest_route=\/wp\/v2\/posts\/6702","targetHints":{"allow":["GET"]}}],"collection":[{"href":"https:\/\/www.nextmultimedio.com\/index.php?rest_route=\/wp\/v2\/posts"}],"about":[{"href":"https:\/\/www.nextmultimedio.com\/index.php?rest_route=\/wp\/v2\/types\/post"}],"author":[{"embeddable":true,"href":"https:\/\/www.nextmultimedio.com\/index.php?rest_route=\/wp\/v2\/users\/1"}],"replies":[{"embeddable":true,"href":"https:\/\/www.nextmultimedio.com\/index.php?rest_route=%2Fwp%2Fv2%2Fcomments&post=6702"}],"version-history":[{"count":1,"href":"https:\/\/www.nextmultimedio.com\/index.php?rest_route=\/wp\/v2\/posts\/6702\/revisions"}],"predecessor-version":[{"id":6704,"href":"https:\/\/www.nextmultimedio.com\/index.php?rest_route=\/wp\/v2\/posts\/6702\/revisions\/6704"}],"wp:featuredmedia":[{"embeddable":true,"href":"https:\/\/www.nextmultimedio.com\/index.php?rest_route=\/wp\/v2\/media\/6703"}],"wp:attachment":[{"href":"https:\/\/www.nextmultimedio.com\/index.php?rest_route=%2Fwp%2Fv2%2Fmedia&parent=6702"}],"wp:term":[{"taxonomy":"category","embeddable":true,"href":"https:\/\/www.nextmultimedio.com\/index.php?rest_route=%2Fwp%2Fv2%2Fcategories&post=6702"},{"taxonomy":"post_tag","embeddable":true,"href":"https:\/\/www.nextmultimedio.com\/index.php?rest_route=%2Fwp%2Fv2%2Ftags&post=6702"}],"curies":[{"name":"wp","href":"https:\/\/api.w.org\/{rel}","templated":true}]}}