{"id":6694,"date":"2024-04-07T21:37:35","date_gmt":"2024-04-08T00:37:35","guid":{"rendered":"https:\/\/www.nextmultimedio.com\/?p=6694"},"modified":"2024-04-08T22:00:18","modified_gmt":"2024-04-09T01:00:18","slug":"para-celebrar-su-dia-se-llevo-a-cabo-una-tarde-a-pura-zamba","status":"publish","type":"post","link":"https:\/\/www.nextmultimedio.com\/?p=6694","title":{"rendered":"SE LLEV\u00d3 A CABO UNA TARDE A PURA ZAMBA"},"content":{"rendered":"\n<p><strong>No faltaron obviamente la m\u00fasica, las risas,  las comidas ricas y el baile en esta jornada especial<\/strong><\/p>\n\n\n\n<figure class=\"wp-block-image size-large\"><img loading=\"lazy\" decoding=\"async\" width=\"1024\" height=\"682\" src=\"https:\/\/www.nextmultimedio.com\/wp-content\/uploads\/2024\/04\/a37efc2a-c648-406a-8ccc-39082e649e4d-1024x682.jpg\" alt=\"\" class=\"wp-image-6695\" srcset=\"https:\/\/www.nextmultimedio.com\/wp-content\/uploads\/2024\/04\/a37efc2a-c648-406a-8ccc-39082e649e4d-1024x682.jpg 1024w, https:\/\/www.nextmultimedio.com\/wp-content\/uploads\/2024\/04\/a37efc2a-c648-406a-8ccc-39082e649e4d-300x200.jpg 300w, https:\/\/www.nextmultimedio.com\/wp-content\/uploads\/2024\/04\/a37efc2a-c648-406a-8ccc-39082e649e4d-768x512.jpg 768w, https:\/\/www.nextmultimedio.com\/wp-content\/uploads\/2024\/04\/a37efc2a-c648-406a-8ccc-39082e649e4d-1536x1023.jpg 1536w, https:\/\/www.nextmultimedio.com\/wp-content\/uploads\/2024\/04\/a37efc2a-c648-406a-8ccc-39082e649e4d.jpg 1600w\" sizes=\"auto, (max-width: 1024px) 100vw, 1024px\" \/><\/figure>\n\n\n\n<p>El domingo 7 de abril, en conmemoraci\u00f3n del D\u00eda de la Zamba, el grupo de adultos del Departamento de Arte en Movimiento Municipal organiz\u00f3 una emocionante tarde de festejos. <\/p>\n\n\n\n<p>Desde las 13 hs., en las instalaciones de Gobernador Ferreyra 100, los asistentes disfrutaron de m\u00fasica, danzas y delicias gastron\u00f3micas. <\/p>\n\n\n\n<p>Artistas locales, y una clase de zamba a cargo del profesor Francisco Quiroga fueron solo algunas de las atracciones que hicieron de este evento una celebraci\u00f3n inolvidable. <\/p>\n\n\n\n<p>La entrada fue libre y gratuita.<\/p>\n\n\n\n<figure class=\"wp-block-image size-large\"><img loading=\"lazy\" decoding=\"async\" width=\"1024\" height=\"682\" src=\"https:\/\/www.nextmultimedio.com\/wp-content\/uploads\/2024\/04\/61d6182c-d325-4ae6-a89a-a81b1a67baa0-1024x682.jpg\" alt=\"\" class=\"wp-image-6696\" srcset=\"https:\/\/www.nextmultimedio.com\/wp-content\/uploads\/2024\/04\/61d6182c-d325-4ae6-a89a-a81b1a67baa0-1024x682.jpg 1024w, https:\/\/www.nextmultimedio.com\/wp-content\/uploads\/2024\/04\/61d6182c-d325-4ae6-a89a-a81b1a67baa0-300x200.jpg 300w, https:\/\/www.nextmultimedio.com\/wp-content\/uploads\/2024\/04\/61d6182c-d325-4ae6-a89a-a81b1a67baa0-768x512.jpg 768w, https:\/\/www.nextmultimedio.com\/wp-content\/uploads\/2024\/04\/61d6182c-d325-4ae6-a89a-a81b1a67baa0-1536x1023.jpg 1536w, https:\/\/www.nextmultimedio.com\/wp-content\/uploads\/2024\/04\/61d6182c-d325-4ae6-a89a-a81b1a67baa0.jpg 1600w\" sizes=\"auto, (max-width: 1024px) 100vw, 1024px\" \/><\/figure>\n","protected":false},"excerpt":{"rendered":"<p>No faltaron obviamente la m\u00fasica, las risas, las comidas ricas y el baile en esta jornada especial El domingo 7 de abril, en conmemoraci\u00f3n del D\u00eda de la Zamba, el grupo de adultos del Departamento de Arte en Movimiento Municipal organiz\u00f3 una emocionante tarde de festejos. Desde las 13 hs., en las instalaciones de Gobernador [&hellip;]<\/p>\n","protected":false},"author":1,"featured_media":6695,"comment_status":"closed","ping_status":"closed","sticky":false,"template":"","format":"standard","meta":{"footnotes":""},"categories":[69],"tags":[345],"class_list":["post-6694","post","type-post","status-publish","format-standard","has-post-thumbnail","hentry","category-noticias","tag-destacar"],"_links":{"self":[{"href":"https:\/\/www.nextmultimedio.com\/index.php?rest_route=\/wp\/v2\/posts\/6694","targetHints":{"allow":["GET"]}}],"collection":[{"href":"https:\/\/www.nextmultimedio.com\/index.php?rest_route=\/wp\/v2\/posts"}],"about":[{"href":"https:\/\/www.nextmultimedio.com\/index.php?rest_route=\/wp\/v2\/types\/post"}],"author":[{"embeddable":true,"href":"https:\/\/www.nextmultimedio.com\/index.php?rest_route=\/wp\/v2\/users\/1"}],"replies":[{"embeddable":true,"href":"https:\/\/www.nextmultimedio.com\/index.php?rest_route=%2Fwp%2Fv2%2Fcomments&post=6694"}],"version-history":[{"count":2,"href":"https:\/\/www.nextmultimedio.com\/index.php?rest_route=\/wp\/v2\/posts\/6694\/revisions"}],"predecessor-version":[{"id":6715,"href":"https:\/\/www.nextmultimedio.com\/index.php?rest_route=\/wp\/v2\/posts\/6694\/revisions\/6715"}],"wp:featuredmedia":[{"embeddable":true,"href":"https:\/\/www.nextmultimedio.com\/index.php?rest_route=\/wp\/v2\/media\/6695"}],"wp:attachment":[{"href":"https:\/\/www.nextmultimedio.com\/index.php?rest_route=%2Fwp%2Fv2%2Fmedia&parent=6694"}],"wp:term":[{"taxonomy":"category","embeddable":true,"href":"https:\/\/www.nextmultimedio.com\/index.php?rest_route=%2Fwp%2Fv2%2Fcategories&post=6694"},{"taxonomy":"post_tag","embeddable":true,"href":"https:\/\/www.nextmultimedio.com\/index.php?rest_route=%2Fwp%2Fv2%2Ftags&post=6694"}],"curies":[{"name":"wp","href":"https:\/\/api.w.org\/{rel}","templated":true}]}}