{"id":6658,"date":"2024-04-03T18:40:30","date_gmt":"2024-04-03T21:40:30","guid":{"rendered":"https:\/\/www.nextmultimedio.com\/?p=6658"},"modified":"2024-04-03T18:40:31","modified_gmt":"2024-04-03T21:40:31","slug":"este-jueves-paro-docentela-uepec-adherira-a-la-medida-de-fuerza","status":"publish","type":"post","link":"https:\/\/www.nextmultimedio.com\/?p=6658","title":{"rendered":"ESTE JUEVES PARO DOCENTE:LA UEPEC ADHERIR\u00c1 A LA MEDIDA DE FUERZA"},"content":{"rendered":"<div class=\"wp-block-image\">\n<figure class=\"aligncenter size-full is-resized\"><img loading=\"lazy\" decoding=\"async\" width=\"360\" height=\"361\" src=\"https:\/\/www.nextmultimedio.com\/wp-content\/uploads\/2024\/04\/434415787_934279142036596_5887084698325940478_n.jpg\" alt=\"\" class=\"wp-image-6659\" style=\"width:677px;height:auto\" srcset=\"https:\/\/www.nextmultimedio.com\/wp-content\/uploads\/2024\/04\/434415787_934279142036596_5887084698325940478_n.jpg 360w, https:\/\/www.nextmultimedio.com\/wp-content\/uploads\/2024\/04\/434415787_934279142036596_5887084698325940478_n-300x300.jpg 300w\" sizes=\"auto, (max-width: 360px) 100vw, 360px\" \/><\/figure>\n<\/div>\n\n\n<p>Este jueves se espera un nuevo paro en varias escuelas de C\u00f3rdoba. La Uni\u00f3n de Educadores de la Provincia de C\u00f3rdoba (Uepc) adherir\u00e1 a una medida de fuerza en reclamo al Gobierno nacional. As\u00ed lo confirm\u00f3 esta ma\u00f1ana el secretario General del gremio, Roberto Cristalli, en radio Arriba C\u00f3rdoba.<\/p>\n\n\n\n<p>La decisi\u00f3n, que llega tras los feriados de Semana Santa y del D\u00eda del Veterano de Malvinas, fue impulsada a nivel <a><\/a>nacional por la Confederaci\u00f3n de Trabajadores de la Educaci\u00f3n de la Rep\u00fablica Argentina (Ctera). Los sindicatos renuevan sus reclamos por la restituci\u00f3n del Fondo Nacional de Incentivo Docente (Fonid).<\/p>\n\n\n\n<p>Cabe recordar que la semana pasada, a trav\u00e9s del decreto 280\/2024, la gesti\u00f3n de Javier Milei confirm\u00f3 su intenci\u00f3n de dejar de pagar este incentivo y lo elimin\u00f3 de forma definitiva.<\/p>\n\n\n\n<p>\u201cEsta medida agrava, a\u00fan m\u00e1s, la situaci\u00f3n salarial de la docencia ya que significa entre un 10% y 20% de rebaja salarial, adem\u00e1s afecta los presupuestos educativos de las Provincias\u201d, reclamaron desde Ctera a trav\u00e9s de un comunicado emitido este fin de semana.<\/p>\n\n\n\n<p>\u201cDesde Ctera le pedimos a las y los diputados, a las Senadoras y Senadores Nacionales que se trate en una sesi\u00f3n especial el restablecimiento del Fonid\u201d, agregaron. Cristalli adelant\u00f3 que le exigieron los mismo a los legisladores que responden al gobernador Mart\u00edn Llaryora.<\/p>\n","protected":false},"excerpt":{"rendered":"<p>Este jueves se espera un nuevo paro en varias escuelas de C\u00f3rdoba. La Uni\u00f3n de Educadores de la Provincia de C\u00f3rdoba (Uepc) adherir\u00e1 a una medida de fuerza en reclamo al Gobierno nacional. As\u00ed lo confirm\u00f3 esta ma\u00f1ana el secretario General del gremio, Roberto Cristalli, en radio Arriba C\u00f3rdoba. La decisi\u00f3n, que llega tras los [&hellip;]<\/p>\n","protected":false},"author":1,"featured_media":6659,"comment_status":"closed","ping_status":"closed","sticky":false,"template":"","format":"standard","meta":{"footnotes":""},"categories":[69],"tags":[345],"class_list":["post-6658","post","type-post","status-publish","format-standard","has-post-thumbnail","hentry","category-noticias","tag-destacar"],"_links":{"self":[{"href":"https:\/\/www.nextmultimedio.com\/index.php?rest_route=\/wp\/v2\/posts\/6658","targetHints":{"allow":["GET"]}}],"collection":[{"href":"https:\/\/www.nextmultimedio.com\/index.php?rest_route=\/wp\/v2\/posts"}],"about":[{"href":"https:\/\/www.nextmultimedio.com\/index.php?rest_route=\/wp\/v2\/types\/post"}],"author":[{"embeddable":true,"href":"https:\/\/www.nextmultimedio.com\/index.php?rest_route=\/wp\/v2\/users\/1"}],"replies":[{"embeddable":true,"href":"https:\/\/www.nextmultimedio.com\/index.php?rest_route=%2Fwp%2Fv2%2Fcomments&post=6658"}],"version-history":[{"count":1,"href":"https:\/\/www.nextmultimedio.com\/index.php?rest_route=\/wp\/v2\/posts\/6658\/revisions"}],"predecessor-version":[{"id":6660,"href":"https:\/\/www.nextmultimedio.com\/index.php?rest_route=\/wp\/v2\/posts\/6658\/revisions\/6660"}],"wp:featuredmedia":[{"embeddable":true,"href":"https:\/\/www.nextmultimedio.com\/index.php?rest_route=\/wp\/v2\/media\/6659"}],"wp:attachment":[{"href":"https:\/\/www.nextmultimedio.com\/index.php?rest_route=%2Fwp%2Fv2%2Fmedia&parent=6658"}],"wp:term":[{"taxonomy":"category","embeddable":true,"href":"https:\/\/www.nextmultimedio.com\/index.php?rest_route=%2Fwp%2Fv2%2Fcategories&post=6658"},{"taxonomy":"post_tag","embeddable":true,"href":"https:\/\/www.nextmultimedio.com\/index.php?rest_route=%2Fwp%2Fv2%2Ftags&post=6658"}],"curies":[{"name":"wp","href":"https:\/\/api.w.org\/{rel}","templated":true}]}}