{"id":6641,"date":"2024-04-02T19:22:55","date_gmt":"2024-04-02T22:22:55","guid":{"rendered":"https:\/\/www.nextmultimedio.com\/?p=6641"},"modified":"2024-04-02T19:22:56","modified_gmt":"2024-04-02T22:22:56","slug":"2-de-abril-dia-del-veterano-y-los-caidos-en-la-guerra-de-malvinas","status":"publish","type":"post","link":"https:\/\/www.nextmultimedio.com\/?p=6641","title":{"rendered":"2 DE ABRIL: D\u00ccA DEL VETERANO Y LOS CA\u00cdDOS EN LA GUERRA DE  MALVINAS"},"content":{"rendered":"<div class=\"wp-block-image\">\n<figure class=\"aligncenter size-full\"><img loading=\"lazy\" decoding=\"async\" width=\"567\" height=\"377\" src=\"https:\/\/www.nextmultimedio.com\/wp-content\/uploads\/2024\/04\/imagen1_malvinas.png\" alt=\"\" class=\"wp-image-6642\" srcset=\"https:\/\/www.nextmultimedio.com\/wp-content\/uploads\/2024\/04\/imagen1_malvinas.png 567w, https:\/\/www.nextmultimedio.com\/wp-content\/uploads\/2024\/04\/imagen1_malvinas-300x199.png 300w\" sizes=\"auto, (max-width: 567px) 100vw, 567px\" \/><\/figure>\n<\/div>\n\n\n<p>Hoy 2 de abril, D\u00eda del Veterano y de los Ca\u00eddos en la Guerra de Malvinas, rendimos homenaje a aquellos que defendieron con valent\u00eda la soberan\u00eda argentina en las islas argentinas del Atl\u00e1ntico Sur. La elecci\u00f3n de esta fecha se debe a que ese d\u00eda en 1982, las Fuerzas Armadas Argentinas desembarcaron en las Islas Malvinas, en lucha por la recuperaci\u00f3n del territorio, arrebatado por las fuerzas brit\u00e1nicas en el a\u00f1o 1833.<\/p>\n\n\n\n<p>A 42 a\u00f1os del conflicto, conversamos con Ricardo Oca\u00f1a, Veterano de Guerra de Malvinas, quien actualmente se desempe\u00f1a en la Direcci\u00f3n de Recursos Humanos de la Casa Militar en Casa Rosada.<\/p>\n\n\n\n<p>Como la mayor\u00eda de los conscriptos en ese momento, Ricardo ten\u00eda 19 a\u00f1os cuando se embarc\u00f3 para integrar las unidades de combate de las Fuerzas Armadas Argentinas desplegadas en el teatro de operaciones. \u201cEl mismo d\u00eda 2 de abril de 1982, estando en Puerto Belgrano, nos lleg\u00f3 la noticia de que Argentina hab\u00eda tomado la isla por asalto con gran maestr\u00eda y certeza. Para el 12 de abril nos informan que ten\u00edamos que embarcarnos. Fue en un avi\u00f3n C-130, el m\u00e1s grande que exist\u00eda en esa \u00e9poca. No sabr\u00eda explicar con palabras lo que sent\u00ed en ese momento\u2026como que uno era \u00fatil en una causa y en una gesta inigualable. La Argentina nunca hab\u00eda entrado en guerra y era el momento de demostrar para qu\u00e9 est\u00e1bamos haciendo la conscripci\u00f3n. Muchos de mis compa\u00f1eros ten\u00edan miedo de ir y tem\u00edan no volver a ver nunca m\u00e1s a sus familias y seres queridos\u201d, recuerda Oca\u00f1a quien antes de ingresar al Servicio Militar Obligatorio ya trabajaba como mensajero en la Casa Rosada. \u201cLe escrib\u00ed una carta a mis padres para avisarles que me iban a trasladar\u2026 que me iban a cambiar de destino, pero no les dije que iba a Malvinas a defender nuestra patria, no quise decirles para no preocuparlos\u201d, cuenta Oca\u00f1a.<\/p>\n\n\n\n<p>En la isla, Oca\u00f1a termin\u00f3 cumpliendo la funci\u00f3n de camillero aunque hab\u00eda recibido la instrucci\u00f3n para ser apuntador y francotirador. Sus d\u00edas en Malvinas transcurrieron buscando heridos y muertos en las primeras, segundas y terceras l\u00edneas. \u201cPor la ma\u00f1ana sal\u00edamos en una camioneta -que era kelper- a buscar cuerpos &#8211; vivos o muertos- en los lugares de combate y los llev\u00e1bamos al Centro de Internaci\u00f3n Militar Malvinas (C.I.M.M.) que era un rejunte de conscriptos y oficiales\u201d.<\/p>\n\n\n\n<p>Es sabido que en situaciones de guerra, el armamento y la comida son cuestiones vitales. Malvinas no fue la excepci\u00f3n y, posterior a la guerra, fue uno de los mayores blancos de cr\u00edtica. Ricardo recuerda haber robado un cami\u00f3n para que su compa\u00f1\u00eda pudiera alimentarse: \u201cEst\u00e1bamos descansando una noche y se presenta un capit\u00e1n de nav\u00edo, m\u00e9dico, que ten\u00eda un grado muy alto para hablar con un conscripto y nos dice a m\u00ed y a dos compa\u00f1eros que hay que ir a robar comida porque el hospital se estaba quedando sin suministros por la cantidad de heridos que hab\u00eda. Llevarlo a cabo era peligro de muerte porque se sabe que, en guerra, no se puede robar y menos comida. Yo accedo con la condici\u00f3n de que la mitad de lo que consigui\u00e9ramos quedaba para mi compa\u00f1\u00eda. Eran tres camiones. El primero estaba dentro de un apostadero de los kelpers y ah\u00ed estaba abarrotada la comida argentina. Recuerdo que llegu\u00e9 a sacar una bolsa de 50 kilos de yerba, az\u00facar, latas de corned beef, latas de membrillo y batata, cajones de mermeladas, fideos. En alg\u00fan momento se nota que el capit\u00e1n ya hab\u00eda hecho la inteligencia porque pudimos entrar y sacar la comida, hab\u00eda que ir y venir 50 metros con cada cosa e ir cargando en otro cami\u00f3n. El segundo cami\u00f3n fue en otro apostadero, ya m\u00e1s chico, que ten\u00eda vino, cigarrillos, chocolates. El tercer cami\u00f3n tambi\u00e9n era chico, consegu\u00ed whisky y otras cosas m\u00e1s. Me qued\u00e9 apostado ah\u00ed rodeado de milicos y cuando alguno me preguntaba qu\u00e9 hac\u00eda ah\u00ed, yo les dec\u00eda que estaba esperando al capit\u00e1n. En un momento el capit\u00e1n me hace la se\u00f1a y viene alguien de atr\u00e1s y abre la puerta\u2026Y empec\u00e9 a agarrar todo lo que hab\u00eda ah\u00ed. Cargamos el camioncito y cuando los milicos se dan cuenta nos empiezan a tirar, pero no a matar sino como haciendo el acting para que quedara registro de lo sucedido\u201d.<\/p>\n\n\n\n<p>Hacia el fin de la guerra, el gobierno civico-militar impuls\u00f3 una campa\u00f1a de desinformaci\u00f3n para ocultar los hechos que estaban transcurriendo en las Islas. Ricardo lo cuenta con sus palabras: \u201cUn d\u00eda explota una casa kelper de tantos bombazos que tiraban desde los barcos, entre los escombros encontramos una radio. La armamos como pudimos porque estaba un poco destartalada, lo \u00fanico que encontramos fue Radio Colonia que transmit\u00eda en castellano y dec\u00edan \u2018la verdad\u2019: \u2018Argentina est\u00e1 ganando\u2019, y en realidad a nosotros nos estaban pateando el trasero, digamos. Nosotros ve\u00edamos c\u00f3mo atacaban la pista\u2026. Mentira, era todo mentira, pero nosotros no pod\u00edamos decir nada porque no ten\u00edamos voz. Los soldados no est\u00e1bamos autorizados ni capacitados para dar notas porque los recuerdos adentro te pegan muy fuerte, entonces pasa un tiempo, un a\u00f1o, diez a\u00f1os y reci\u00e9n ah\u00ed pod\u00e9s hablar. Conozco gente que todav\u00eda no puede hablar y han pasado m\u00e1s de 40 a\u00f1os y no pueden hablar de Malvinas, menos de los recuerdos de las cosas, de las situaciones que pasaron ah\u00ed porque le ha pegado muy fuerte, m\u00e1s aquel que fue al frente, mat\u00f3 a otro o vio a su compa\u00f1ero morir y desangrarse al lado. Eso es peor todav\u00eda\u201d.<\/p>\n\n\n\n<p>La conmemoraci\u00f3n del 2 de Abril como el D\u00eda del Veterano y de los Ca\u00eddos en la guerra de Malvinas fue establecido por ley n\u00b0 25.370 el 22 de noviembre de 2000 y declarado oficial desde el 15 de diciembre del mismo a\u00f1o. \u201cPara m\u00ed la importancia de recordar el 2 de abril es que la ciudadan\u00eda no se olvide de que hubo chicos que, mal o bien, fueron a dar su sangre. Y se embarraron hasta el tu\u00e9tano para defender un pedazo de tierra que Argentina quer\u00eda. Y esos chicos hoy en d\u00eda son hombres, hay muchos que ya no est\u00e1n. Entonces yo creo que las nuevas generaciones tienen que saber que existi\u00f3 una guerra. Y, si vamos al caso, es una guerra moderna. Aunque Argentina no contaba con los medios de una guerra moderna. Nosotros ten\u00edamos el FAL y ellos ven\u00edan con M-16, con miras telesc\u00f3picas infrarrojas, y nosotros ni siquiera con binoculares. Fue una guerra despareja. Y lo que se pide es que, por lo menos los que est\u00e1n hoy en d\u00eda, puedan contar sus cosas y la gente no los olvide. Lo peor para uno que est\u00e1 de este lado es que la gente lo olvide. Y m\u00e1s all\u00e1 de eso, las personas tienen que conocer la historia, no tanto por los libros o por lo que dicen los gobiernos, sino por la gente misma que estuvo all\u00ed\u201d.<\/p>\n\n\n\n<p>El lunes 14 de junio de 1982 la Argentina se rindi\u00f3 formalmente y as\u00ed finaliz\u00f3 la Guerra de Malvinas, que hab\u00eda empezado 74 d\u00edas antes, el 2 de abril. Unos 649 argentinos fallecieron durante la guerra, dando su vida por la Patria.<\/p>\n\n\n\n<p>Hay otro hecho escalofriante: se estima decenas de veteranos que se quitaron la vida en los \u00faltimos a\u00f1os, aunque no hay datos oficiales concretos sobre el tema. Esto se debe al mal trato que han recibido por parte de los sucesivos gobiernos nacionales y las paup\u00e9rrimas condiciones econ\u00f3micas, sociales y de contenci\u00f3n que se les han dado a lo largo de los a\u00f1os.<\/p>\n\n\n\n<p>Cada 2 de abril recordamos y reconocemos el sacrificio, el coraje y el compromiso de los veteranos que dieron su vida por la patria. Su legado perdura en la memoria colectiva de nuestro pa\u00eds. En el marco de los 42 a\u00f1os del conflicto del Atl\u00e1ntico Sur, ratificamos el reclamo por ejercicio de la plena soberan\u00eda argentina sobre las Islas Malvinas, Georgias del Sur, Sandwich del Sur y los espacios mar\u00edtimos correspondientes.<\/p>\n\n\n\n<p>S\u00edmbolos homenaje en la Casa Rosada<\/p>\n\n\n\n<p>El Patio de las Malvinas Argentinas, ubicado en la Casa Rosada, representa un s\u00edmbolo de memoria y homenaje. Inaugurado el 2 de mayo de 2012, con motivo del trig\u00e9simo aniversario del hundimiento del crucero ARA General Belgrano, este espacio alberga una de las siete banderas del Operativo C\u00f3ndor. Esta bandera tiene una historia cargada de valent\u00eda y determinaci\u00f3n, vinculada al episodio que ocurri\u00f3 en septiembre de 1966 en el que un grupo de 18 j\u00f3venes militantes argentinos, liderado por Dardo Cabo y Mar\u00eda Cristina Verrier, desvi\u00f3 un avi\u00f3n de Aerol\u00edneas Argentinas de su ruta para hacerlo aterrizar en las Islas Malvinas, donde fue izada durante 36 horas. En el \u00e1ngulo superior izquierdo del patio se encuentra una certificaci\u00f3n judicial que valida que esta bandera fue entregada por Dardo Cabo al gobernador del territorio nacional de Tierra del Fuego, Ant\u00e1rtida e Islas del Atl\u00e1ntico Sur, el 1 de octubre de 1969, cuando fue detenido.<\/p>\n\n\n\n<p>Por su parte, en el Museo de Casa Rosada se encuentra exhibidos dos cascos, perteneciente a soldados que participaron en la Guerra de Malvinas; y el Informe Rattenbach encargado en septiembre de 1983 por la Junta Militar y realizado por la Comisi\u00f3n de An\u00e1lisis y Evaluaci\u00f3n de las Responsabilidades del conflicto del Atl\u00e1ntico sur.<\/p>\n\n\n\n<figure class=\"wp-block-image size-large\"><img loading=\"lazy\" decoding=\"async\" width=\"1024\" height=\"625\" src=\"https:\/\/www.nextmultimedio.com\/wp-content\/uploads\/2024\/04\/ocaa5-cropped-1024x625.jpg\" alt=\"\" class=\"wp-image-6643\" srcset=\"https:\/\/www.nextmultimedio.com\/wp-content\/uploads\/2024\/04\/ocaa5-cropped-1024x625.jpg 1024w, https:\/\/www.nextmultimedio.com\/wp-content\/uploads\/2024\/04\/ocaa5-cropped-300x183.jpg 300w, https:\/\/www.nextmultimedio.com\/wp-content\/uploads\/2024\/04\/ocaa5-cropped-768x469.jpg 768w, https:\/\/www.nextmultimedio.com\/wp-content\/uploads\/2024\/04\/ocaa5-cropped-1536x938.jpg 1536w, https:\/\/www.nextmultimedio.com\/wp-content\/uploads\/2024\/04\/ocaa5-cropped.jpg 1920w\" sizes=\"auto, (max-width: 1024px) 100vw, 1024px\" \/><\/figure>\n\n\n\n<p>Informaci\u00f3n e imagenes: casarosada.gob.ar<\/p>\n","protected":false},"excerpt":{"rendered":"<p>Hoy 2 de abril, D\u00eda del Veterano y de los Ca\u00eddos en la Guerra de Malvinas, rendimos homenaje a aquellos que defendieron con valent\u00eda la soberan\u00eda argentina en las islas argentinas del Atl\u00e1ntico Sur. La elecci\u00f3n de esta fecha se debe a que ese d\u00eda en 1982, las Fuerzas Armadas Argentinas desembarcaron en las Islas [&hellip;]<\/p>\n","protected":false},"author":1,"featured_media":6642,"comment_status":"closed","ping_status":"closed","sticky":false,"template":"","format":"standard","meta":{"footnotes":""},"categories":[69],"tags":[345],"class_list":["post-6641","post","type-post","status-publish","format-standard","has-post-thumbnail","hentry","category-noticias","tag-destacar"],"_links":{"self":[{"href":"https:\/\/www.nextmultimedio.com\/index.php?rest_route=\/wp\/v2\/posts\/6641","targetHints":{"allow":["GET"]}}],"collection":[{"href":"https:\/\/www.nextmultimedio.com\/index.php?rest_route=\/wp\/v2\/posts"}],"about":[{"href":"https:\/\/www.nextmultimedio.com\/index.php?rest_route=\/wp\/v2\/types\/post"}],"author":[{"embeddable":true,"href":"https:\/\/www.nextmultimedio.com\/index.php?rest_route=\/wp\/v2\/users\/1"}],"replies":[{"embeddable":true,"href":"https:\/\/www.nextmultimedio.com\/index.php?rest_route=%2Fwp%2Fv2%2Fcomments&post=6641"}],"version-history":[{"count":1,"href":"https:\/\/www.nextmultimedio.com\/index.php?rest_route=\/wp\/v2\/posts\/6641\/revisions"}],"predecessor-version":[{"id":6644,"href":"https:\/\/www.nextmultimedio.com\/index.php?rest_route=\/wp\/v2\/posts\/6641\/revisions\/6644"}],"wp:featuredmedia":[{"embeddable":true,"href":"https:\/\/www.nextmultimedio.com\/index.php?rest_route=\/wp\/v2\/media\/6642"}],"wp:attachment":[{"href":"https:\/\/www.nextmultimedio.com\/index.php?rest_route=%2Fwp%2Fv2%2Fmedia&parent=6641"}],"wp:term":[{"taxonomy":"category","embeddable":true,"href":"https:\/\/www.nextmultimedio.com\/index.php?rest_route=%2Fwp%2Fv2%2Fcategories&post=6641"},{"taxonomy":"post_tag","embeddable":true,"href":"https:\/\/www.nextmultimedio.com\/index.php?rest_route=%2Fwp%2Fv2%2Ftags&post=6641"}],"curies":[{"name":"wp","href":"https:\/\/api.w.org\/{rel}","templated":true}]}}