{"id":6635,"date":"2024-04-02T19:12:01","date_gmt":"2024-04-02T22:12:01","guid":{"rendered":"https:\/\/www.nextmultimedio.com\/?p=6635"},"modified":"2024-04-02T19:12:02","modified_gmt":"2024-04-02T22:12:02","slug":"2-de-abril-dia-mundial-del-autismo","status":"publish","type":"post","link":"https:\/\/www.nextmultimedio.com\/?p=6635","title":{"rendered":"2 DE ABRIL D\u00cdA  MUNDIAL DEL AUTISMO"},"content":{"rendered":"\n<p><strong>Para aprender , visibilizar y generar conciencia de que este mundo debe ser un lugar apto PARA TODOS.<\/strong><\/p>\n\n\n<div class=\"wp-block-image\">\n<figure class=\"aligncenter size-full\"><img loading=\"lazy\" decoding=\"async\" width=\"587\" height=\"587\" src=\"https:\/\/www.nextmultimedio.com\/wp-content\/uploads\/2024\/04\/434314406_933492338781943_6661725135216122275_n.jpg\" alt=\"\" class=\"wp-image-6636\" srcset=\"https:\/\/www.nextmultimedio.com\/wp-content\/uploads\/2024\/04\/434314406_933492338781943_6661725135216122275_n.jpg 587w, https:\/\/www.nextmultimedio.com\/wp-content\/uploads\/2024\/04\/434314406_933492338781943_6661725135216122275_n-300x300.jpg 300w\" sizes=\"auto, (max-width: 587px) 100vw, 587px\" \/><\/figure>\n<\/div>\n\n\n<p>\u00bfPor qu\u00e9 el 2 de abril es el d\u00eda del autismo?<\/p>\n\n\n\n<p>En el a\u00f1o 2007, la Organizaci\u00f3n de Naciones Unidas design\u00f3 al 2 de Abril como el D\u00eda Mundial de Concientizaci\u00f3n sobre el Autismo. El objetivo de este d\u00eda es generar acciones que motiven a reflexionar sobre el autismo, actividades de difusi\u00f3n sobre la importancia del diagn\u00f3stico precoz y la intervenci\u00f3n temprana.<\/p>\n\n\n\n<p>\u00bfQu\u00e9 es el trastorno del espectro autista?<\/p>\n\n\n\n<p><br>El trastorno del espectro del autista (TEA) consiste en la existencia de una o varias deficiencias que resultan persistentes en el paciente a lo largo del tiempo. Estas pueden involucrar sus habilidades comunicativas y la manera en la que se desenvuelve socialmente. Otros casos presentan la repetici\u00f3n de patrones o bien la restricci\u00f3n de ciertas conductas, lo que influye en la manera de percibir la realidad, crear v\u00ednculos y tener intereses.<\/p>\n\n\n\n<p>La Organizaci\u00f3n Mundial de la Salud (OMS) establece que las primeras manifestaciones que pueden sugerir signos de TEA se dan durante la infancia. Sin embargo, en otros casos el paciente logra obtener su diagn\u00f3stico en su adultez. Esto se debe a que se trata de un espectro, que resulta diferente para cada persona.<\/p>\n\n\n\n<p>Abordar el autismo:<\/p>\n\n\n\n<p><br>De acuerdo a la OMS, resulta esencial establecer una red de contenci\u00f3n integral para sus pacientes. Esto implica una coordinaci\u00f3n entre familia, c\u00edrculo social, profesional y m\u00e9dico, que sepa comprender las necesidades y diferencias que cada persona que pertenece al espectro autista experimenta. Se busca crear una verdadera inclusi\u00f3n y convivencia, a trav\u00e9s de la educaci\u00f3n y comprensi\u00f3n.<\/p>\n\n\n\n<p><\/p>\n","protected":false},"excerpt":{"rendered":"<p>Para aprender , visibilizar y generar conciencia de que este mundo debe ser un lugar apto PARA TODOS. \u00bfPor qu\u00e9 el 2 de abril es el d\u00eda del autismo? En el a\u00f1o 2007, la Organizaci\u00f3n de Naciones Unidas design\u00f3 al 2 de Abril como el D\u00eda Mundial de Concientizaci\u00f3n sobre el Autismo. El objetivo de [&hellip;]<\/p>\n","protected":false},"author":1,"featured_media":6636,"comment_status":"closed","ping_status":"closed","sticky":false,"template":"","format":"standard","meta":{"footnotes":""},"categories":[69],"tags":[345],"class_list":["post-6635","post","type-post","status-publish","format-standard","has-post-thumbnail","hentry","category-noticias","tag-destacar"],"_links":{"self":[{"href":"https:\/\/www.nextmultimedio.com\/index.php?rest_route=\/wp\/v2\/posts\/6635","targetHints":{"allow":["GET"]}}],"collection":[{"href":"https:\/\/www.nextmultimedio.com\/index.php?rest_route=\/wp\/v2\/posts"}],"about":[{"href":"https:\/\/www.nextmultimedio.com\/index.php?rest_route=\/wp\/v2\/types\/post"}],"author":[{"embeddable":true,"href":"https:\/\/www.nextmultimedio.com\/index.php?rest_route=\/wp\/v2\/users\/1"}],"replies":[{"embeddable":true,"href":"https:\/\/www.nextmultimedio.com\/index.php?rest_route=%2Fwp%2Fv2%2Fcomments&post=6635"}],"version-history":[{"count":1,"href":"https:\/\/www.nextmultimedio.com\/index.php?rest_route=\/wp\/v2\/posts\/6635\/revisions"}],"predecessor-version":[{"id":6637,"href":"https:\/\/www.nextmultimedio.com\/index.php?rest_route=\/wp\/v2\/posts\/6635\/revisions\/6637"}],"wp:featuredmedia":[{"embeddable":true,"href":"https:\/\/www.nextmultimedio.com\/index.php?rest_route=\/wp\/v2\/media\/6636"}],"wp:attachment":[{"href":"https:\/\/www.nextmultimedio.com\/index.php?rest_route=%2Fwp%2Fv2%2Fmedia&parent=6635"}],"wp:term":[{"taxonomy":"category","embeddable":true,"href":"https:\/\/www.nextmultimedio.com\/index.php?rest_route=%2Fwp%2Fv2%2Fcategories&post=6635"},{"taxonomy":"post_tag","embeddable":true,"href":"https:\/\/www.nextmultimedio.com\/index.php?rest_route=%2Fwp%2Fv2%2Ftags&post=6635"}],"curies":[{"name":"wp","href":"https:\/\/api.w.org\/{rel}","templated":true}]}}