{"id":6564,"date":"2024-03-26T19:13:26","date_gmt":"2024-03-26T22:13:26","guid":{"rendered":"https:\/\/www.nextmultimedio.com\/?p=6564"},"modified":"2024-03-26T19:13:27","modified_gmt":"2024-03-26T22:13:27","slug":"carlos-paz-se-prepara-para-el-fin-de-semana-largo","status":"publish","type":"post","link":"https:\/\/www.nextmultimedio.com\/?p=6564","title":{"rendered":"CARLOS PAZ SE PREPARA PARA EL FIN DE SEMANA LARGO"},"content":{"rendered":"<div class=\"wp-block-image\">\n<figure class=\"aligncenter size-full\"><img loading=\"lazy\" decoding=\"async\" width=\"720\" height=\"720\" src=\"https:\/\/www.nextmultimedio.com\/wp-content\/uploads\/2024\/03\/434385092_928807932583717_4564724132969030914_n.jpg\" alt=\"\" class=\"wp-image-6565\" srcset=\"https:\/\/www.nextmultimedio.com\/wp-content\/uploads\/2024\/03\/434385092_928807932583717_4564724132969030914_n.jpg 720w, https:\/\/www.nextmultimedio.com\/wp-content\/uploads\/2024\/03\/434385092_928807932583717_4564724132969030914_n-300x300.jpg 300w\" sizes=\"auto, (max-width: 720px) 100vw, 720px\" \/><\/figure>\n<\/div>\n\n\n<p>Con buenas expectativas, y teniendo en cuenta la coincidencia de dos fechas de receso laboral, Carlos Paz se prepara para recibir al turismo.<br><br>De acuerdo a los datos de ASHOGA, hasta la jornada del lunes el nivel de reserva para el fin de semana de Pascuas alcanzar\u00eda el 80%.<br><br>La informaci\u00f3n hace presumir que Carlos Paz tendr\u00e1 altos \u00edndices de ocupaci\u00f3n, pero con estad\u00edas promedio de cuatro noches.<br><br>Aun as\u00ed, y consecuentemente con uno de los feriados m\u00e1s importantes despu\u00e9s de Carnaval, la fecha religiosa sumada a la conmemoraci\u00f3n por el D\u00eda de los Ca\u00eddos y veteranos de la guerra de Malvinas podr\u00eda dejar resultados positivos siendo nuestra ciudad una de las preferidas por las familias para estas mini vacaciones.<br><br>\u201cEstamos expectantes a lo que pueda suceder, pero ya con una buena base de reservas y alto nivel de consultas\u201d, sostuvo la Presidente de Ashoga, Carolina Sacilotto.\u00a0<\/p>\n\n\n\n<p><\/p>\n","protected":false},"excerpt":{"rendered":"<p>Con buenas expectativas, y teniendo en cuenta la coincidencia de dos fechas de receso laboral, Carlos Paz se prepara para recibir al turismo. De acuerdo a los datos de ASHOGA, hasta la jornada del lunes el nivel de reserva para el fin de semana de Pascuas alcanzar\u00eda el 80%. La informaci\u00f3n hace presumir que Carlos [&hellip;]<\/p>\n","protected":false},"author":1,"featured_media":6565,"comment_status":"closed","ping_status":"closed","sticky":false,"template":"","format":"standard","meta":{"footnotes":""},"categories":[69],"tags":[345],"class_list":["post-6564","post","type-post","status-publish","format-standard","has-post-thumbnail","hentry","category-noticias","tag-destacar"],"_links":{"self":[{"href":"https:\/\/www.nextmultimedio.com\/index.php?rest_route=\/wp\/v2\/posts\/6564","targetHints":{"allow":["GET"]}}],"collection":[{"href":"https:\/\/www.nextmultimedio.com\/index.php?rest_route=\/wp\/v2\/posts"}],"about":[{"href":"https:\/\/www.nextmultimedio.com\/index.php?rest_route=\/wp\/v2\/types\/post"}],"author":[{"embeddable":true,"href":"https:\/\/www.nextmultimedio.com\/index.php?rest_route=\/wp\/v2\/users\/1"}],"replies":[{"embeddable":true,"href":"https:\/\/www.nextmultimedio.com\/index.php?rest_route=%2Fwp%2Fv2%2Fcomments&post=6564"}],"version-history":[{"count":1,"href":"https:\/\/www.nextmultimedio.com\/index.php?rest_route=\/wp\/v2\/posts\/6564\/revisions"}],"predecessor-version":[{"id":6566,"href":"https:\/\/www.nextmultimedio.com\/index.php?rest_route=\/wp\/v2\/posts\/6564\/revisions\/6566"}],"wp:featuredmedia":[{"embeddable":true,"href":"https:\/\/www.nextmultimedio.com\/index.php?rest_route=\/wp\/v2\/media\/6565"}],"wp:attachment":[{"href":"https:\/\/www.nextmultimedio.com\/index.php?rest_route=%2Fwp%2Fv2%2Fmedia&parent=6564"}],"wp:term":[{"taxonomy":"category","embeddable":true,"href":"https:\/\/www.nextmultimedio.com\/index.php?rest_route=%2Fwp%2Fv2%2Fcategories&post=6564"},{"taxonomy":"post_tag","embeddable":true,"href":"https:\/\/www.nextmultimedio.com\/index.php?rest_route=%2Fwp%2Fv2%2Ftags&post=6564"}],"curies":[{"name":"wp","href":"https:\/\/api.w.org\/{rel}","templated":true}]}}