{"id":6537,"date":"2024-03-24T21:27:51","date_gmt":"2024-03-25T00:27:51","guid":{"rendered":"https:\/\/www.nextmultimedio.com\/?p=6537"},"modified":"2024-03-24T21:27:52","modified_gmt":"2024-03-25T00:27:52","slug":"semana-santa-en-carlos-paz-2","status":"publish","type":"post","link":"https:\/\/www.nextmultimedio.com\/?p=6537","title":{"rendered":"SEMANA SANTA EN CARLOS PAZ"},"content":{"rendered":"\n<figure class=\"wp-block-image size-full\"><img loading=\"lazy\" decoding=\"async\" width=\"960\" height=\"960\" src=\"https:\/\/www.nextmultimedio.com\/wp-content\/uploads\/2024\/03\/434169540_927411382723372_1513510080571472303_n.jpg\" alt=\"\" class=\"wp-image-6538\" srcset=\"https:\/\/www.nextmultimedio.com\/wp-content\/uploads\/2024\/03\/434169540_927411382723372_1513510080571472303_n.jpg 960w, https:\/\/www.nextmultimedio.com\/wp-content\/uploads\/2024\/03\/434169540_927411382723372_1513510080571472303_n-300x300.jpg 300w, https:\/\/www.nextmultimedio.com\/wp-content\/uploads\/2024\/03\/434169540_927411382723372_1513510080571472303_n-768x768.jpg 768w\" sizes=\"auto, (max-width: 960px) 100vw, 960px\" \/><\/figure>\n\n\n\n<p>Villa Carlos Paz comienza a vivir Semana Santa con diversidad de actividades para todos los gustos<\/p>\n\n\n\n<p>Este domingo, con la celebraci\u00f3n del Domingo de Ramos, que conmemora la llegada de Jes\u00fas a Jerusalen, Villa Carlos Paz comenz\u00f3 a transitar la Semana Santa.<\/p>\n\n\n\n<p><a><\/a>Adem\u00e1s de las actividades religiosas, Villa Carlos Paz ofrecer\u00e1 una grilla de actividades y eventos gratuitos para toda la familia, asegurando que tanto los residentes como los turistas puedan disfrutar de una experiencia completa y enriquecedora durante este fin de semana XXL.<\/p>\n\n\n\n<p>El programa completo de actividades religiosas y culturales es el siguiente:<\/p>\n\n\n\n<p>Jueves 28 de marzo:<\/p>\n\n\n\n<p>* 10.30 hs.: Recepci\u00f3n Peregrinaci\u00f3n Brocheriana. Jardines Municipales.<\/p>\n\n\n\n<p>* 18 hs.: Free Walking Tour \u2013 salida desde la Parroquia Nuestra Se\u00f1ora del Carmen<\/p>\n\n\n\n<p>* 20 hs.: Misa, instituci\u00f3n de la Eucarist\u00eda y lavatorio de pies en la Parroquia Nuestra Se\u00f1ora del Carmen.<\/p>\n\n\n\n<p>* 20:30 hs.: Ensamble Mel\u00f3dico. Reloj Cuc\u00fa<\/p>\n\n\n\n<p>Viernes 29 de marzo:<\/p>\n\n\n\n<p>* 10 hs.: V\u00eda Crucis. Salida desde base Cerro La Cruz.<\/p>\n\n\n\n<p>* 12 hs.: Bendici\u00f3n y celebraci\u00f3n en Cerro La Cruz<\/p>\n\n\n\n<p>*17:30 a 0:30 hs.: Feria de artesanos. Alem y Las Heras y Bdo. D\u2019 El\u00eda y puente del Centenario.<\/p>\n\n\n\n<p>* 19:30 hs.: V\u00eda Crucis. Procesi\u00f3n por calles de la ciudad. Parroquia Nuestra Se\u00f1ora del Carmen. (Sale desde parroquia, con arribo a los Jardines Municipales a las 20 hs.)<\/p>\n\n\n\n<p>* 20:30 hs. Presentaci\u00f3n del espect\u00e1culo musical \u201cMisa Criolla\u201d con el Coro Musicanto y m\u00fasicos invitados. Orgaz esq. 9 de julio.<\/p>\n\n\n\n<p>S\u00e1bado 30 de marzo:<\/p>\n\n\n\n<p>* 17:30 hs. Visita Guiada Nocturna al Cerro La Cruz<\/p>\n\n\n\n<p>*17:30 a 0:30 hs.: Feria de artesanos. Alem y Las Heras y Bdo. D\u2019 El\u00eda y puente del Centenario.<\/p>\n\n\n\n<p>* 19 hs.: Recital gratuito de bandas locales. Jardines Municipales.<\/p>\n\n\n\n<p>* 20:30 hs.: Skasamble Puente del Centenario<\/p>\n\n\n\n<p>Domingo 31 de marzo:<\/p>\n\n\n\n<p>* 10:00 hs.: Misa de Pascuas con la presentaci\u00f3n del Coro Musicanto. Jardines Municipales.<\/p>\n\n\n\n<p>* 10:00 hs.: Marat\u00f3n de Peluqueros Solidarios. Cortes a beneficio de la Cooperadora del Hospital G. Sayago.<\/p>\n\n\n\n<p>*17:30 a 0:30 hs.: Feria de artesanos. Alem y Las Heras y Bdo. D\u2019 El\u00eda y puente del Centenario.<\/p>\n\n\n\n<p>* 18:00 hs.: Celebraci\u00f3n Pascuas en Familia. Celebraci\u00f3n Iglesias Evang\u00e9licas. Jardines Municipales.<\/p>\n\n\n\n<p>Lunes 1\u00ba de abril:<\/p>\n\n\n\n<p>&#8211; 9.30 hs. Turismo Sostenible: Visita guiada al Aula Ambiental (Sendero interpretativo, Huerta y Vivero de Especies Nativas). Los Cerros y Rep\u00fablica Argentina.<\/p>\n\n\n\n<p>* 10 hs.: Free Walking Tour \u2013 salida desde la Parroquia Nuestra Se\u00f1ora del Carmen<\/p>\n\n\n\n<p>* 19 hs.: Vigilia y Homenaje a los Veteranos y Ca\u00eddos en Malvinas. Plaza Casado.<\/p>\n\n\n\n<p>*17:30 a 0:30 hs.: Feria de artesanos. Alem y Las Heras y Bdo. D\u2019 El\u00eda y puente del Centenario.<\/p>\n\n\n\n<p>* 20:30 hs.: Ensamble de Folklore de la Orquesta Sinf\u00f3nica. Av. Illia esq. Gob. Ferreyra<\/p>\n\n\n\n<p>Martes 2 de abril:<\/p>\n\n\n\n<p>* 10 hs.: Acto por el D\u00eda del Veterano y Ca\u00eddos en la Guerra de Malvinas. En Plaza del CAS y Plaza Casado.<\/p>\n\n\n\n<p>*17:30 a 0:30 hs.: Feria de artesanos. Alem y Las Heras y Bdo. D\u2019 El\u00eda y puente del Centenario.<\/p>\n\n\n\n<p><a href=\"https:\/\/www.facebook.com\/photo\/?fbid=927411386056705&amp;set=a.356501543147695&amp;__cft__[0]=AZUOTmevAwsAW2JKP_0193B7iWR5miWbnHwpMpIW4qlsF3ZNfPu_WTf6TxvRuOk3pzDnAwe2hvFFdSL26wwtHURFHg0SJl8O5Qe1BswNrZjGWLtuNHjO83eC7zGcJ34sgS7kPSE9t7uoKcCAnYl4pISEJnrP0eNpnTHSStsdZR59eJrQDOhggUo9djKb4uQ-5Zw&amp;__tn__=EH-R\"><\/a><\/p>\n","protected":false},"excerpt":{"rendered":"<p>Villa Carlos Paz comienza a vivir Semana Santa con diversidad de actividades para todos los gustos Este domingo, con la celebraci\u00f3n del Domingo de Ramos, que conmemora la llegada de Jes\u00fas a Jerusalen, Villa Carlos Paz comenz\u00f3 a transitar la Semana Santa. Adem\u00e1s de las actividades religiosas, Villa Carlos Paz ofrecer\u00e1 una grilla de actividades [&hellip;]<\/p>\n","protected":false},"author":1,"featured_media":6538,"comment_status":"closed","ping_status":"closed","sticky":false,"template":"","format":"standard","meta":{"footnotes":""},"categories":[69],"tags":[345],"class_list":["post-6537","post","type-post","status-publish","format-standard","has-post-thumbnail","hentry","category-noticias","tag-destacar"],"_links":{"self":[{"href":"https:\/\/www.nextmultimedio.com\/index.php?rest_route=\/wp\/v2\/posts\/6537","targetHints":{"allow":["GET"]}}],"collection":[{"href":"https:\/\/www.nextmultimedio.com\/index.php?rest_route=\/wp\/v2\/posts"}],"about":[{"href":"https:\/\/www.nextmultimedio.com\/index.php?rest_route=\/wp\/v2\/types\/post"}],"author":[{"embeddable":true,"href":"https:\/\/www.nextmultimedio.com\/index.php?rest_route=\/wp\/v2\/users\/1"}],"replies":[{"embeddable":true,"href":"https:\/\/www.nextmultimedio.com\/index.php?rest_route=%2Fwp%2Fv2%2Fcomments&post=6537"}],"version-history":[{"count":1,"href":"https:\/\/www.nextmultimedio.com\/index.php?rest_route=\/wp\/v2\/posts\/6537\/revisions"}],"predecessor-version":[{"id":6539,"href":"https:\/\/www.nextmultimedio.com\/index.php?rest_route=\/wp\/v2\/posts\/6537\/revisions\/6539"}],"wp:featuredmedia":[{"embeddable":true,"href":"https:\/\/www.nextmultimedio.com\/index.php?rest_route=\/wp\/v2\/media\/6538"}],"wp:attachment":[{"href":"https:\/\/www.nextmultimedio.com\/index.php?rest_route=%2Fwp%2Fv2%2Fmedia&parent=6537"}],"wp:term":[{"taxonomy":"category","embeddable":true,"href":"https:\/\/www.nextmultimedio.com\/index.php?rest_route=%2Fwp%2Fv2%2Fcategories&post=6537"},{"taxonomy":"post_tag","embeddable":true,"href":"https:\/\/www.nextmultimedio.com\/index.php?rest_route=%2Fwp%2Fv2%2Ftags&post=6537"}],"curies":[{"name":"wp","href":"https:\/\/api.w.org\/{rel}","templated":true}]}}