{"id":6462,"date":"2024-03-09T22:12:06","date_gmt":"2024-03-10T01:12:06","guid":{"rendered":"https:\/\/www.nextmultimedio.com\/?p=6462"},"modified":"2024-03-09T22:12:07","modified_gmt":"2024-03-10T01:12:07","slug":"conductor-de-bicicleta-electrica-cayo-en-una-acequia","status":"publish","type":"post","link":"https:\/\/www.nextmultimedio.com\/?p=6462","title":{"rendered":"CONDUCTOR DE BICICLETA EL\u00c9CTRICA CAY\u00d3 EN UNA ACEQUIA"},"content":{"rendered":"\n<figure class=\"wp-block-image size-full\"><img loading=\"lazy\" decoding=\"async\" width=\"796\" height=\"417\" src=\"https:\/\/www.nextmultimedio.com\/wp-content\/uploads\/2024\/03\/429589683_917198110411366_6987289719151365778_n.jpg\" alt=\"\" class=\"wp-image-6463\" srcset=\"https:\/\/www.nextmultimedio.com\/wp-content\/uploads\/2024\/03\/429589683_917198110411366_6987289719151365778_n.jpg 796w, https:\/\/www.nextmultimedio.com\/wp-content\/uploads\/2024\/03\/429589683_917198110411366_6987289719151365778_n-300x157.jpg 300w, https:\/\/www.nextmultimedio.com\/wp-content\/uploads\/2024\/03\/429589683_917198110411366_6987289719151365778_n-768x402.jpg 768w\" sizes=\"auto, (max-width: 796px) 100vw, 796px\" \/><\/figure>\n\n\n\n<p>Bv. Sarmiento esq. Edison, B\u00b0 Va. Lago &#8211; Carlos Paz<\/p>\n\n\n\n<p>Personal del Comando de Acci\u00f3n Preventiva fue comisionado donde habr\u00eda un accidente de tr\u00e1nsito, en el lugar entrevist\u00f3 a un hombre de 52 a\u00f1os de edad quien le manifest\u00f3 que, momentos antes, mientras circulaba en su bicicleta el\u00e9ctrica, en circunstancias a establecer, cae a una acequia.<\/p>\n\n\n\n<p>Se hizo presente el personal del servicio de emergencias Vittal quienes le diagnosticaron traumatismos varios trasladandol\u00f3 al Hospital Sayago para su mejor atenci\u00f3n.<\/p>\n","protected":false},"excerpt":{"rendered":"<p>Bv. Sarmiento esq. Edison, B\u00b0 Va. Lago &#8211; Carlos Paz Personal del Comando de Acci\u00f3n Preventiva fue comisionado donde habr\u00eda un accidente de tr\u00e1nsito, en el lugar entrevist\u00f3 a un hombre de 52 a\u00f1os de edad quien le manifest\u00f3 que, momentos antes, mientras circulaba en su bicicleta el\u00e9ctrica, en circunstancias a establecer, cae a una [&hellip;]<\/p>\n","protected":false},"author":1,"featured_media":6463,"comment_status":"closed","ping_status":"closed","sticky":false,"template":"","format":"standard","meta":{"footnotes":""},"categories":[69],"tags":[345],"class_list":["post-6462","post","type-post","status-publish","format-standard","has-post-thumbnail","hentry","category-noticias","tag-destacar"],"_links":{"self":[{"href":"https:\/\/www.nextmultimedio.com\/index.php?rest_route=\/wp\/v2\/posts\/6462","targetHints":{"allow":["GET"]}}],"collection":[{"href":"https:\/\/www.nextmultimedio.com\/index.php?rest_route=\/wp\/v2\/posts"}],"about":[{"href":"https:\/\/www.nextmultimedio.com\/index.php?rest_route=\/wp\/v2\/types\/post"}],"author":[{"embeddable":true,"href":"https:\/\/www.nextmultimedio.com\/index.php?rest_route=\/wp\/v2\/users\/1"}],"replies":[{"embeddable":true,"href":"https:\/\/www.nextmultimedio.com\/index.php?rest_route=%2Fwp%2Fv2%2Fcomments&post=6462"}],"version-history":[{"count":1,"href":"https:\/\/www.nextmultimedio.com\/index.php?rest_route=\/wp\/v2\/posts\/6462\/revisions"}],"predecessor-version":[{"id":6464,"href":"https:\/\/www.nextmultimedio.com\/index.php?rest_route=\/wp\/v2\/posts\/6462\/revisions\/6464"}],"wp:featuredmedia":[{"embeddable":true,"href":"https:\/\/www.nextmultimedio.com\/index.php?rest_route=\/wp\/v2\/media\/6463"}],"wp:attachment":[{"href":"https:\/\/www.nextmultimedio.com\/index.php?rest_route=%2Fwp%2Fv2%2Fmedia&parent=6462"}],"wp:term":[{"taxonomy":"category","embeddable":true,"href":"https:\/\/www.nextmultimedio.com\/index.php?rest_route=%2Fwp%2Fv2%2Fcategories&post=6462"},{"taxonomy":"post_tag","embeddable":true,"href":"https:\/\/www.nextmultimedio.com\/index.php?rest_route=%2Fwp%2Fv2%2Ftags&post=6462"}],"curies":[{"name":"wp","href":"https:\/\/api.w.org\/{rel}","templated":true}]}}