{"id":6384,"date":"2024-03-01T17:38:51","date_gmt":"2024-03-01T20:38:51","guid":{"rendered":"https:\/\/www.nextmultimedio.com\/?p=6384"},"modified":"2024-03-01T17:38:52","modified_gmt":"2024-03-01T20:38:52","slug":"los-adultos-mayores-celebran-la-vida","status":"publish","type":"post","link":"https:\/\/www.nextmultimedio.com\/?p=6384","title":{"rendered":"LOS ADULTOS MAYORES CELEBRAN LA VIDA"},"content":{"rendered":"\n<p><strong>Los talleres de verano denominados &#8221; Vida activa y saludable&#8221; se realizar\u00e1n todo el a\u00f1o.<\/strong><\/p>\n\n\n\n<figure class=\"wp-block-image size-large is-resized\"><img loading=\"lazy\" decoding=\"async\" width=\"1024\" height=\"1024\" src=\"https:\/\/www.nextmultimedio.com\/wp-content\/uploads\/2024\/03\/428615554_902562371874940_3808991981523486589_n-1024x1024.jpg\" alt=\"\" class=\"wp-image-6385\" style=\"width:840px;height:auto\" srcset=\"https:\/\/www.nextmultimedio.com\/wp-content\/uploads\/2024\/03\/428615554_902562371874940_3808991981523486589_n-1024x1024.jpg 1024w, https:\/\/www.nextmultimedio.com\/wp-content\/uploads\/2024\/03\/428615554_902562371874940_3808991981523486589_n-300x300.jpg 300w, https:\/\/www.nextmultimedio.com\/wp-content\/uploads\/2024\/03\/428615554_902562371874940_3808991981523486589_n-768x768.jpg 768w, https:\/\/www.nextmultimedio.com\/wp-content\/uploads\/2024\/03\/428615554_902562371874940_3808991981523486589_n.jpg 1066w\" sizes=\"auto, (max-width: 1024px) 100vw, 1024px\" \/><\/figure>\n\n\n\n<p>Los adultos mayores participaron de los talleres de verano organizados por el Municipio , denominadso VIDA ACTIVA Y SALUDABLE, en los mismos disfrutaban de distintas actividades de danza y actividad fisica, las cuales eran vividas alegremente por los mismos, es por ello que la Coordinaci\u00f3n de Inclusi\u00f3n Social tom\u00f3 la iniciativa de extenderlo durante todo el a\u00f1o.<\/p>\n\n\n\n<p>Sin embargo, las actividades que ofrecer\u00e1 el Programa \u201cVida Activa y Saludable\u201d no consistir\u00e1n \u00fanicamente en actividad f\u00edsica y baile. Sino que tambi\u00e9n habr\u00e1n talleres de folklore, biodanza, educaci\u00f3n emocional, teatro, coro y newcom. A su vez, los lugares donde se realizar\u00e1n dichas actividades se extender\u00e1n hacia el Club de los Abuelos, el Polideportivo Distrito Sur&nbsp; (Sol y R\u00edo) y diversos Centros Vecinales.<\/p>\n\n\n\n<p>Las inscripciones para las actividades y talleres del programa comenzar\u00e1n el d\u00eda lunes 04 de marzo, de 8:00hs a 13:00hs, en los siguientes puntos: Polideportivo de Sol y R\u00edo, Polideportivo Distrito Oeste (Colinas), Estadio Arena y Coordinaci\u00f3n de Inclusi\u00f3n Social.&nbsp;<\/p>\n","protected":false},"excerpt":{"rendered":"<p>Los talleres de verano denominados &#8221; Vida activa y saludable&#8221; se realizar\u00e1n todo el a\u00f1o. Los adultos mayores participaron de los talleres de verano organizados por el Municipio , denominadso VIDA ACTIVA Y SALUDABLE, en los mismos disfrutaban de distintas actividades de danza y actividad fisica, las cuales eran vividas alegremente por los mismos, es [&hellip;]<\/p>\n","protected":false},"author":1,"featured_media":6385,"comment_status":"closed","ping_status":"closed","sticky":false,"template":"","format":"standard","meta":{"footnotes":""},"categories":[69],"tags":[345],"class_list":["post-6384","post","type-post","status-publish","format-standard","has-post-thumbnail","hentry","category-noticias","tag-destacar"],"_links":{"self":[{"href":"https:\/\/www.nextmultimedio.com\/index.php?rest_route=\/wp\/v2\/posts\/6384","targetHints":{"allow":["GET"]}}],"collection":[{"href":"https:\/\/www.nextmultimedio.com\/index.php?rest_route=\/wp\/v2\/posts"}],"about":[{"href":"https:\/\/www.nextmultimedio.com\/index.php?rest_route=\/wp\/v2\/types\/post"}],"author":[{"embeddable":true,"href":"https:\/\/www.nextmultimedio.com\/index.php?rest_route=\/wp\/v2\/users\/1"}],"replies":[{"embeddable":true,"href":"https:\/\/www.nextmultimedio.com\/index.php?rest_route=%2Fwp%2Fv2%2Fcomments&post=6384"}],"version-history":[{"count":1,"href":"https:\/\/www.nextmultimedio.com\/index.php?rest_route=\/wp\/v2\/posts\/6384\/revisions"}],"predecessor-version":[{"id":6386,"href":"https:\/\/www.nextmultimedio.com\/index.php?rest_route=\/wp\/v2\/posts\/6384\/revisions\/6386"}],"wp:featuredmedia":[{"embeddable":true,"href":"https:\/\/www.nextmultimedio.com\/index.php?rest_route=\/wp\/v2\/media\/6385"}],"wp:attachment":[{"href":"https:\/\/www.nextmultimedio.com\/index.php?rest_route=%2Fwp%2Fv2%2Fmedia&parent=6384"}],"wp:term":[{"taxonomy":"category","embeddable":true,"href":"https:\/\/www.nextmultimedio.com\/index.php?rest_route=%2Fwp%2Fv2%2Fcategories&post=6384"},{"taxonomy":"post_tag","embeddable":true,"href":"https:\/\/www.nextmultimedio.com\/index.php?rest_route=%2Fwp%2Fv2%2Ftags&post=6384"}],"curies":[{"name":"wp","href":"https:\/\/api.w.org\/{rel}","templated":true}]}}