{"id":6372,"date":"2024-03-01T09:48:14","date_gmt":"2024-03-01T12:48:14","guid":{"rendered":"https:\/\/www.nextmultimedio.com\/?p=6372"},"modified":"2024-03-01T09:48:15","modified_gmt":"2024-03-01T12:48:15","slug":"para-la-hotelera-la-temporada-de-verano-2024-registro-los-porcentajes-mas-bajos-de-los-ultimos-anos","status":"publish","type":"post","link":"https:\/\/www.nextmultimedio.com\/?p=6372","title":{"rendered":"PARA LA HOTELERA LA TEMPORADA DE VERANO 2024 REGISTR\u00d3 LOS PORCENTAJES M\u00c1S BAJOS DE LOS \u00daLTIMOS A\u00d1OS"},"content":{"rendered":"<div class=\"wp-block-image\">\n<figure class=\"aligncenter size-full\"><img loading=\"lazy\" decoding=\"async\" width=\"827\" height=\"540\" src=\"https:\/\/www.nextmultimedio.com\/wp-content\/uploads\/2024\/03\/430073753_911323897665454_3553264885150724575_n.jpg\" alt=\"\" class=\"wp-image-6373\" srcset=\"https:\/\/www.nextmultimedio.com\/wp-content\/uploads\/2024\/03\/430073753_911323897665454_3553264885150724575_n.jpg 827w, https:\/\/www.nextmultimedio.com\/wp-content\/uploads\/2024\/03\/430073753_911323897665454_3553264885150724575_n-300x196.jpg 300w, https:\/\/www.nextmultimedio.com\/wp-content\/uploads\/2024\/03\/430073753_911323897665454_3553264885150724575_n-768x501.jpg 768w\" sizes=\"auto, (max-width: 827px) 100vw, 827px\" \/><\/figure>\n<\/div>\n\n\n<p>La informaci\u00f3n da cuenta de un retroceso en las pernoctaciones en torno a los 15 puntos con<\/p>\n\n\n\n<p>respecto al 2023, e incluso m\u00e1s abajo que 2022, cuando finalmente la econom\u00eda abri\u00f3 sus puertas luego del receso por Pandemia.<\/p>\n\n\n\n<p>El <a><\/a>buen impulso registrado a partir de la segunda quincena de enero y hasta Carnaval, apenas si contribuy\u00f3 a elevar algunos puntos un marcador que anunciaba desde fines de diciembre una temporada at\u00edpica.<\/p>\n\n\n\n<p>Los datos registrados por el Departamento de Estad\u00edsticas y Censo de ASHOGA, permiten identificar vaivenes pronunciados en la contrataci\u00f3n de los servicios tur\u00edsticos que tuvieron su pico de reservas en Carnaval, un fin de semana con muy buen nivel de ocupaci\u00f3n, pero que no alcanz\u00f3 para mejorar un febrero que cerr\u00f3 cerca del 60 en promedio de ocupaci\u00f3n general, producto de la ca\u00edda de la demanda los d\u00edas de semana, como as\u00ed tambi\u00e9n en la semana posterior al fin de semana largo.<\/p>\n\n\n\n<p>De esta forma, y en comparaci\u00f3n con igual periodo del a\u00f1o anterior, y el 2022 (que atraves\u00f3 un inicio complejo con el avance de la variante \u00d3micron, pero que a su vez tuvo el apoyo del programa Previaje); se concluye que esta temporada marc\u00f3 uno de los registros m\u00e1s bajos de los \u00faltimos a\u00f1os y con fuerte ca\u00edda de la rentabilidad.<\/p>\n\n\n\n<p>En t\u00e9rminos de la gastronom\u00eda tuvo la misma tendencia de baja entre un 15% y un 20%menos de actividad respecto de la temporada pasada.<\/p>\n\n\n\n<p><a href=\"https:\/\/www.facebook.com\/photo\/?fbid=911323907665453&amp;set=a.356501556481027&amp;__cft__[0]=AZUM13vCIZDpZPyHvOFjMQEWtlKbSPdEJ8oRuPIJoAKpx34fj1OoUVmHqfWTQ1m-i7xosI2RuP8BZV-kZO5I8TUAYD55fmLdHYci_EBQ1jmtkUOSDVucX8RzgLp0eUpBYSpcHgvIieXPwWWcrtocKVVFfx4xeEY9Go_-ze4XG-Z-S-bkU9HyHZYwJrSYY-hgjDA&amp;__tn__=EH-R\"><\/a><\/p>\n","protected":false},"excerpt":{"rendered":"<p>La informaci\u00f3n da cuenta de un retroceso en las pernoctaciones en torno a los 15 puntos con respecto al 2023, e incluso m\u00e1s abajo que 2022, cuando finalmente la econom\u00eda abri\u00f3 sus puertas luego del receso por Pandemia. El buen impulso registrado a partir de la segunda quincena de enero y hasta Carnaval, apenas si [&hellip;]<\/p>\n","protected":false},"author":1,"featured_media":6373,"comment_status":"closed","ping_status":"closed","sticky":false,"template":"","format":"standard","meta":{"footnotes":""},"categories":[69],"tags":[345],"class_list":["post-6372","post","type-post","status-publish","format-standard","has-post-thumbnail","hentry","category-noticias","tag-destacar"],"_links":{"self":[{"href":"https:\/\/www.nextmultimedio.com\/index.php?rest_route=\/wp\/v2\/posts\/6372","targetHints":{"allow":["GET"]}}],"collection":[{"href":"https:\/\/www.nextmultimedio.com\/index.php?rest_route=\/wp\/v2\/posts"}],"about":[{"href":"https:\/\/www.nextmultimedio.com\/index.php?rest_route=\/wp\/v2\/types\/post"}],"author":[{"embeddable":true,"href":"https:\/\/www.nextmultimedio.com\/index.php?rest_route=\/wp\/v2\/users\/1"}],"replies":[{"embeddable":true,"href":"https:\/\/www.nextmultimedio.com\/index.php?rest_route=%2Fwp%2Fv2%2Fcomments&post=6372"}],"version-history":[{"count":1,"href":"https:\/\/www.nextmultimedio.com\/index.php?rest_route=\/wp\/v2\/posts\/6372\/revisions"}],"predecessor-version":[{"id":6374,"href":"https:\/\/www.nextmultimedio.com\/index.php?rest_route=\/wp\/v2\/posts\/6372\/revisions\/6374"}],"wp:featuredmedia":[{"embeddable":true,"href":"https:\/\/www.nextmultimedio.com\/index.php?rest_route=\/wp\/v2\/media\/6373"}],"wp:attachment":[{"href":"https:\/\/www.nextmultimedio.com\/index.php?rest_route=%2Fwp%2Fv2%2Fmedia&parent=6372"}],"wp:term":[{"taxonomy":"category","embeddable":true,"href":"https:\/\/www.nextmultimedio.com\/index.php?rest_route=%2Fwp%2Fv2%2Fcategories&post=6372"},{"taxonomy":"post_tag","embeddable":true,"href":"https:\/\/www.nextmultimedio.com\/index.php?rest_route=%2Fwp%2Fv2%2Ftags&post=6372"}],"curies":[{"name":"wp","href":"https:\/\/api.w.org\/{rel}","templated":true}]}}