{"id":6132,"date":"2024-01-24T21:41:52","date_gmt":"2024-01-25T00:41:52","guid":{"rendered":"https:\/\/www.nextmultimedio.com\/?p=6132"},"modified":"2024-01-24T21:41:53","modified_gmt":"2024-01-25T00:41:53","slug":"servicios-publicos-se-intensifican-las-tareas-de-mantenimiento-de-calles-de-tierra","status":"publish","type":"post","link":"https:\/\/www.nextmultimedio.com\/?p=6132","title":{"rendered":"SERVICIOS PUBLICOS: SE INTENSIFICAN LAS TAREAS DE MANTENIMIENTO DE CALLES DE TIERRA"},"content":{"rendered":"<div class=\"wp-block-image\">\n<figure class=\"aligncenter size-full\"><img loading=\"lazy\" decoding=\"async\" width=\"600\" height=\"600\" src=\"https:\/\/www.nextmultimedio.com\/wp-content\/uploads\/2024\/01\/421685145_885741560223688_1495677575481167126_n.jpg\" alt=\"\" class=\"wp-image-6134\" srcset=\"https:\/\/www.nextmultimedio.com\/wp-content\/uploads\/2024\/01\/421685145_885741560223688_1495677575481167126_n.jpg 600w, https:\/\/www.nextmultimedio.com\/wp-content\/uploads\/2024\/01\/421685145_885741560223688_1495677575481167126_n-300x300.jpg 300w\" sizes=\"auto, (max-width: 600px) 100vw, 600px\" \/><\/figure>\n<\/div>\n\n\n<p>Desde la Direcci\u00f3n de Servicios P\u00fablicos se informa que se avanza en un plan de mantenimiento y reparaciones de calles en los distintos barrios de la ciudad.&nbsp;<\/p>\n\n\n\n<p>En los \u00faltimos d\u00edas se realizaron reparaciones en Altos del Valle, Costa Azul, Villa del R\u00edo, Villa Independencia, Las Malvinas y Miguel Mu\u00f1oz. Durante el d\u00eda de hoy las m\u00e1quinas estuvieron&nbsp; realizando arreglos de calle de tierra en <a><\/a>barrio Solares de las Ensenadas, Playas de Oro y Villa del Lago.<\/p>\n\n\n\n<p>Las cuadrillas se abocaron especialmente a los distritos Oeste, Norte y Sur, sectores que se ven m\u00e1s afectados por su topograf\u00eda. Asimismo, se realizan de manera permanente tareas de mantenimiento en desag\u00fces, alcantarillas y bocas de tormentas para tener una r\u00e1pida evacuaci\u00f3n del agua de lluvia. Sumado a la limpieza en espacios p\u00fablicos, mantenimiento de espacios verdes, poda, bacheo y arreglos generales.<\/p>\n\n\n\n<p>Germ\u00e1n Rivero, Director de Servicios P\u00fablicos, coment\u00f3: \u201cEl trabajo es permanente, se viene realizando de manera sistem\u00e1tica a lo largo del a\u00f1o, pero se intensifica en verano porque las lluvias son m\u00e1s frecuentes. Adem\u00e1s de lo planificado, se van atendiendo reclamos y urgencias. Algunos sectores de la ciudad se ven m\u00e1s afectados, por lo cual se priorizan las reparaciones de las calles m\u00e1s impactadas y de mayor circulaci\u00f3n. Por ejemplo, ahora estamos en la zona de los balnearios principales, nivelando las bajadas al r\u00edo, para mejorar la circulaci\u00f3n de vecinos y turistas en esas zonas\u201d.<\/p>\n\n\n\n<p><a href=\"https:\/\/www.facebook.com\/photo\/?fbid=885741583557019&amp;set=pcb.885741620223682&amp;__cft__[0]=AZWjBwHMs3BCeOc1eQ8TOiwKak-Q-_h-jwt5dzg6cAt_dQJO_u9nkulmrSgeChO-fChNwghRqvY3K5qb5CRpIc3GgDIo6cT6Q91GaoXtLzIR8R9KX5t-JOOEK_uDIiHyz9e4OORh3hYZhgZnZyy2ROKAxaATUNp-4eQcQ896pCrBekHkA03YuOG4UEqwfvpWvhg&amp;__tn__=*bH-R\"><\/a><\/p>\n\n\n\n<p><a href=\"https:\/\/www.facebook.com\/photo\/?fbid=885741580223686&amp;set=pcb.885741620223682&amp;__cft__[0]=AZWjBwHMs3BCeOc1eQ8TOiwKak-Q-_h-jwt5dzg6cAt_dQJO_u9nkulmrSgeChO-fChNwghRqvY3K5qb5CRpIc3GgDIo6cT6Q91GaoXtLzIR8R9KX5t-JOOEK_uDIiHyz9e4OORh3hYZhgZnZyy2ROKAxaATUNp-4eQcQ896pCrBekHkA03YuOG4UEqwfvpWvhg&amp;__tn__=*bH-R\"><\/a><\/p>\n\n\n\n<figure class=\"wp-block-image\"><a href=\"https:\/\/www.facebook.com\/photo\/?fbid=885741580223686&amp;set=pcb.885741620223682&amp;__cft__[0]=AZWjBwHMs3BCeOc1eQ8TOiwKak-Q-_h-jwt5dzg6cAt_dQJO_u9nkulmrSgeChO-fChNwghRqvY3K5qb5CRpIc3GgDIo6cT6Q91GaoXtLzIR8R9KX5t-JOOEK_uDIiHyz9e4OORh3hYZhgZnZyy2ROKAxaATUNp-4eQcQ896pCrBekHkA03YuOG4UEqwfvpWvhg&amp;__tn__=*bH-R\"><img decoding=\"async\" src=\"https:\/\/scontent.fcor2-1.fna.fbcdn.net\/v\/t39.30808-6\/421657024_885741563557021_6702040182057616676_n.jpg?stp=dst-jpg_p600x600&amp;_nc_cat=101&amp;ccb=1-7&amp;_nc_sid=3635dc&amp;_nc_eui2=AeERngejG1OS4kPxFMYUytIknVQlMaZZOkOdVCUxplk6Q_LqcmEe_M9AGwAxJofqWKI&amp;_nc_ohc=naAzvM-BASUAX9v_-Zy&amp;_nc_ht=scontent.fcor2-1.fna&amp;oh=00_AfC-KQr6dL8MSj9M7s6aUzhMcQDQOVyOmNh5JKEjEMZUqg&amp;oe=65B6B155\" alt=\"\"\/><\/a><\/figure>\n\n\n\n<p><a href=\"https:\/\/www.facebook.com\/photo\/?fbid=885741576890353&amp;set=pcb.885741620223682&amp;__cft__[0]=AZWjBwHMs3BCeOc1eQ8TOiwKak-Q-_h-jwt5dzg6cAt_dQJO_u9nkulmrSgeChO-fChNwghRqvY3K5qb5CRpIc3GgDIo6cT6Q91GaoXtLzIR8R9KX5t-JOOEK_uDIiHyz9e4OORh3hYZhgZnZyy2ROKAxaATUNp-4eQcQ896pCrBekHkA03YuOG4UEqwfvpWvhg&amp;__tn__=*bH-R\"><\/a><\/p>\n\n\n\n<figure class=\"wp-block-image\"><a href=\"https:\/\/www.facebook.com\/photo\/?fbid=885741576890353&amp;set=pcb.885741620223682&amp;__cft__[0]=AZWjBwHMs3BCeOc1eQ8TOiwKak-Q-_h-jwt5dzg6cAt_dQJO_u9nkulmrSgeChO-fChNwghRqvY3K5qb5CRpIc3GgDIo6cT6Q91GaoXtLzIR8R9KX5t-JOOEK_uDIiHyz9e4OORh3hYZhgZnZyy2ROKAxaATUNp-4eQcQ896pCrBekHkA03YuOG4UEqwfvpWvhg&amp;__tn__=*bH-R\"><img decoding=\"async\" src=\"https:\/\/scontent.fcor2-1.fna.fbcdn.net\/v\/t39.30808-6\/421653314_885741556890355_8605101367556932300_n.jpg?stp=dst-jpg_p600x600&amp;_nc_cat=108&amp;ccb=1-7&amp;_nc_sid=3635dc&amp;_nc_eui2=AeHEcCn4o0JCeErpI1ZBPPTORnC2m02HqkZGcLabTYeqRsSOxcVoHPW5MdS4D2Bzir0&amp;_nc_ohc=IFlqGbxEWnYAX_aWvIz&amp;_nc_ht=scontent.fcor2-1.fna&amp;oh=00_AfD1rlQ3nAgDw7RiptA3V_4zeKntG5CNU_Ov439lgBwiMA&amp;oe=65B6CE18\" alt=\"\"\/><\/a><\/figure>\n","protected":false},"excerpt":{"rendered":"<p>Desde la Direcci\u00f3n de Servicios P\u00fablicos se informa que se avanza en un plan de mantenimiento y reparaciones de calles en los distintos barrios de la ciudad.&nbsp; En los \u00faltimos d\u00edas se realizaron reparaciones en Altos del Valle, Costa Azul, Villa del R\u00edo, Villa Independencia, Las Malvinas y Miguel Mu\u00f1oz. Durante el d\u00eda de hoy [&hellip;]<\/p>\n","protected":false},"author":1,"featured_media":6134,"comment_status":"closed","ping_status":"closed","sticky":false,"template":"","format":"standard","meta":{"footnotes":""},"categories":[69],"tags":[345],"class_list":["post-6132","post","type-post","status-publish","format-standard","has-post-thumbnail","hentry","category-noticias","tag-destacar"],"_links":{"self":[{"href":"https:\/\/www.nextmultimedio.com\/index.php?rest_route=\/wp\/v2\/posts\/6132","targetHints":{"allow":["GET"]}}],"collection":[{"href":"https:\/\/www.nextmultimedio.com\/index.php?rest_route=\/wp\/v2\/posts"}],"about":[{"href":"https:\/\/www.nextmultimedio.com\/index.php?rest_route=\/wp\/v2\/types\/post"}],"author":[{"embeddable":true,"href":"https:\/\/www.nextmultimedio.com\/index.php?rest_route=\/wp\/v2\/users\/1"}],"replies":[{"embeddable":true,"href":"https:\/\/www.nextmultimedio.com\/index.php?rest_route=%2Fwp%2Fv2%2Fcomments&post=6132"}],"version-history":[{"count":1,"href":"https:\/\/www.nextmultimedio.com\/index.php?rest_route=\/wp\/v2\/posts\/6132\/revisions"}],"predecessor-version":[{"id":6135,"href":"https:\/\/www.nextmultimedio.com\/index.php?rest_route=\/wp\/v2\/posts\/6132\/revisions\/6135"}],"wp:featuredmedia":[{"embeddable":true,"href":"https:\/\/www.nextmultimedio.com\/index.php?rest_route=\/wp\/v2\/media\/6134"}],"wp:attachment":[{"href":"https:\/\/www.nextmultimedio.com\/index.php?rest_route=%2Fwp%2Fv2%2Fmedia&parent=6132"}],"wp:term":[{"taxonomy":"category","embeddable":true,"href":"https:\/\/www.nextmultimedio.com\/index.php?rest_route=%2Fwp%2Fv2%2Fcategories&post=6132"},{"taxonomy":"post_tag","embeddable":true,"href":"https:\/\/www.nextmultimedio.com\/index.php?rest_route=%2Fwp%2Fv2%2Ftags&post=6132"}],"curies":[{"name":"wp","href":"https:\/\/api.w.org\/{rel}","templated":true}]}}