{"id":5783,"date":"2023-12-19T19:15:55","date_gmt":"2023-12-19T22:15:55","guid":{"rendered":"https:\/\/www.nextmultimedio.com\/?p=5783"},"modified":"2023-12-19T19:15:56","modified_gmt":"2023-12-19T22:15:56","slug":"llaryora-acompanamos-el-ajuste-fiscal-esperamos-tambien-un-programa-de-desarrollo","status":"publish","type":"post","link":"https:\/\/www.nextmultimedio.com\/?p=5783","title":{"rendered":"LLARYORA: &#8220;ACOMPA\u00d1AMOS EL AJUSTE FISCAL, ESPERAMOS TAMBI\u00c9N UN PROGRAMA DE DESARROLLO"},"content":{"rendered":"<div class=\"wp-block-image\">\n<figure class=\"aligncenter size-full\"><img loading=\"lazy\" decoding=\"async\" width=\"778\" height=\"540\" src=\"https:\/\/www.nextmultimedio.com\/wp-content\/uploads\/2023\/12\/412368688_861131459351365_3356731914795324752_n-1.jpg\" alt=\"\" class=\"wp-image-5784\" srcset=\"https:\/\/www.nextmultimedio.com\/wp-content\/uploads\/2023\/12\/412368688_861131459351365_3356731914795324752_n-1.jpg 778w, https:\/\/www.nextmultimedio.com\/wp-content\/uploads\/2023\/12\/412368688_861131459351365_3356731914795324752_n-1-300x208.jpg 300w, https:\/\/www.nextmultimedio.com\/wp-content\/uploads\/2023\/12\/412368688_861131459351365_3356731914795324752_n-1-768x533.jpg 768w\" sizes=\"auto, (max-width: 778px) 100vw, 778px\" \/><\/figure>\n<\/div>\n\n\n<p>El gobernador reiter\u00f3 su colaboraci\u00f3n a las medidas adoptadas por el gobierno nacional, pero aclar\u00f3 que lo har\u00e1 sin bajar las banderas del interior.<\/p>\n\n\n\n<p>* Consider\u00f3 imprescindible avanzar en \u201cun plan productivo, un plan de crecimiento y un plan de desarrollo.<\/p>\n\n\n\n<p>El <a><\/a>gobernador Mart\u00edn Llaryora visit\u00f3 este lunes la ciudad de Cruz del Eje, donde reuni\u00f3 por primera vez a todo su gabinete y, posteriormente, desarroll\u00f3 una agenda que incluy\u00f3 el anuncio de obras estrategicas para Cruz del Eje y la regi\u00f3n.<\/p>\n\n\n\n<p>Consultado sobre las medidas anunciadas la semana pasada por el gobierno nacional, Llaryora reiter\u00f3 su apoyo, aunque aclar\u00f3 que lo har\u00e1 sin bajar las banderas de C\u00f3rdoba y del interior del pa\u00eds.<\/p>\n\n\n\n<p>En este sentido, Llaryora dijo acompa\u00f1ar el ajuste fiscal de Naci\u00f3n y a\u00f1adi\u00f3 que espera que esa medida contenga tambi\u00e9n un programa de desarrollo para el pais.<\/p>\n\n\n\n<p>Consider\u00f3 imprescindible avanzar en \u201cun plan productivo, un plan de crecimiento y un plan de desarrollo, porque si no, la crisis no va a tener fin y el sufrimiento va a ser tremendamente grande\u201d.<\/p>\n\n\n\n<p>En esta l\u00ednea, manifest\u00f3 la importancia de mantener las obras publicas que son estrategicas para el desarrollo del pais, como as\u00ed tambi\u00e9n para nuestra provincia<\/p>\n","protected":false},"excerpt":{"rendered":"<p>El gobernador reiter\u00f3 su colaboraci\u00f3n a las medidas adoptadas por el gobierno nacional, pero aclar\u00f3 que lo har\u00e1 sin bajar las banderas del interior. * Consider\u00f3 imprescindible avanzar en \u201cun plan productivo, un plan de crecimiento y un plan de desarrollo. El gobernador Mart\u00edn Llaryora visit\u00f3 este lunes la ciudad de Cruz del Eje, donde [&hellip;]<\/p>\n","protected":false},"author":1,"featured_media":5784,"comment_status":"closed","ping_status":"closed","sticky":false,"template":"","format":"standard","meta":{"footnotes":""},"categories":[69],"tags":[345],"class_list":["post-5783","post","type-post","status-publish","format-standard","has-post-thumbnail","hentry","category-noticias","tag-destacar"],"_links":{"self":[{"href":"https:\/\/www.nextmultimedio.com\/index.php?rest_route=\/wp\/v2\/posts\/5783","targetHints":{"allow":["GET"]}}],"collection":[{"href":"https:\/\/www.nextmultimedio.com\/index.php?rest_route=\/wp\/v2\/posts"}],"about":[{"href":"https:\/\/www.nextmultimedio.com\/index.php?rest_route=\/wp\/v2\/types\/post"}],"author":[{"embeddable":true,"href":"https:\/\/www.nextmultimedio.com\/index.php?rest_route=\/wp\/v2\/users\/1"}],"replies":[{"embeddable":true,"href":"https:\/\/www.nextmultimedio.com\/index.php?rest_route=%2Fwp%2Fv2%2Fcomments&post=5783"}],"version-history":[{"count":1,"href":"https:\/\/www.nextmultimedio.com\/index.php?rest_route=\/wp\/v2\/posts\/5783\/revisions"}],"predecessor-version":[{"id":5785,"href":"https:\/\/www.nextmultimedio.com\/index.php?rest_route=\/wp\/v2\/posts\/5783\/revisions\/5785"}],"wp:featuredmedia":[{"embeddable":true,"href":"https:\/\/www.nextmultimedio.com\/index.php?rest_route=\/wp\/v2\/media\/5784"}],"wp:attachment":[{"href":"https:\/\/www.nextmultimedio.com\/index.php?rest_route=%2Fwp%2Fv2%2Fmedia&parent=5783"}],"wp:term":[{"taxonomy":"category","embeddable":true,"href":"https:\/\/www.nextmultimedio.com\/index.php?rest_route=%2Fwp%2Fv2%2Fcategories&post=5783"},{"taxonomy":"post_tag","embeddable":true,"href":"https:\/\/www.nextmultimedio.com\/index.php?rest_route=%2Fwp%2Fv2%2Ftags&post=5783"}],"curies":[{"name":"wp","href":"https:\/\/api.w.org\/{rel}","templated":true}]}}