{"id":4743,"date":"2023-08-21T10:17:07","date_gmt":"2023-08-21T13:17:07","guid":{"rendered":"https:\/\/www.nextmultimedio.com\/?p=4743"},"modified":"2023-08-21T10:20:39","modified_gmt":"2023-08-21T13:20:39","slug":"el-domingo-proximo-la-municipalidad-celebrara-el-dia-del-nino","status":"publish","type":"post","link":"https:\/\/www.nextmultimedio.com\/?p=4743","title":{"rendered":"EL DOMINGO PR\u00d3XIMO LA MUNICIPALIDAD CELEBRAR\u00c1 EL D\u00cdA DEL NI\u00d1O"},"content":{"rendered":"\n<p><strong>Como cada a\u00f1o el municipio prepara una gran celebraci\u00f3n que re\u00fane a cientos de familias a la vera del lago.<\/strong><\/p>\n\n\n\n<p><\/p>\n\n\n\n<p><a href=\"https:\/\/www.facebook.com\/photo\/?fbid=780990367365475&amp;set=a.356501556481027&amp;__cft__[0]=AZXXyaa60XPmgxzgCFed4GdAx17Co_3AXq-kQdM_OjFxQQBIT7Z-L-Ehmz6phGIw7Foe92A04sTCBGDqe30YFWpz6SPAf-U_NZdOZTcG48hLYREDckvrXXgHC_kZ4gpLLsBEBTBa6azxhdNK3XpyfK-T2ogLj6SgZL0oOyp6HfJIH4p-z9HFGbex43My8ch7JtY&amp;__tn__=EH-R\"><\/a><\/p>\n\n\n<div class=\"wp-block-image\">\n<figure class=\"aligncenter\"><a href=\"https:\/\/www.facebook.com\/photo\/?fbid=780990367365475&amp;set=a.356501556481027&amp;__cft__[0]=AZXXyaa60XPmgxzgCFed4GdAx17Co_3AXq-kQdM_OjFxQQBIT7Z-L-Ehmz6phGIw7Foe92A04sTCBGDqe30YFWpz6SPAf-U_NZdOZTcG48hLYREDckvrXXgHC_kZ4gpLLsBEBTBa6azxhdNK3XpyfK-T2ogLj6SgZL0oOyp6HfJIH4p-z9HFGbex43My8ch7JtY&amp;__tn__=EH-R\"><img decoding=\"async\" src=\"https:\/\/scontent.fcor2-1.fna.fbcdn.net\/v\/t39.30808-6\/368681898_780990360698809_6629237560415833244_n.jpg?stp=dst-jpg_p526x296&amp;_nc_cat=111&amp;ccb=1-7&amp;_nc_sid=730e14&amp;_nc_eui2=AeGXGsXWW430LeC1runz3a5Tf7iDsvnFEZ5_uIOy-cURnstKGmzoOtBG3jUURSXzXb0&amp;_nc_ohc=0FFk1MyH8tkAX8PMA-j&amp;_nc_oc=AQnRK3xaak45ww9jHI1RLNSnnrgknSDZAxJTq_GXkQVvDFlEok_I0G0azFWZjwjGyJ8&amp;_nc_ht=scontent.fcor2-1.fna&amp;oh=00_AfD2pWq_10ModAtPL4jAou25jkeWE4id1tYwJqMwEMoA4w&amp;oe=64E8998D\" alt=\"Puede ser una imagen de texto\"\/><\/a><\/figure>\n<\/div>\n\n\n<p><\/p>\n\n\n\n<p>La tradicional fiesta se realizar\u00e1 en el Parque de Asistencia el domingo 27 de Agosto desde las 14hs.<\/p>\n\n\n\n<p><br>Ser\u00e1 una tarde llena juegos, premios, m\u00fasica, circo, baile, acrobacias y much\u00edsima diversi\u00f3n para todas las edades.<\/p>\n\n\n\n<p>En la misma habr\u00e1 puestos de pochoclo,helados, golosinas y participar\u00e1n distintas instituciones de la ciudad.<\/p>\n\n\n\n<p> Adem\u00e1s vuelven los cortes gratuitos de pelo de la mano de peluqueros solidarios entre otras actividades.<\/p>\n\n\n\n<p><br>La entrada es libre y gratuita.<\/p>\n","protected":false},"excerpt":{"rendered":"<p>Como cada a\u00f1o el municipio prepara una gran celebraci\u00f3n que re\u00fane a cientos de familias a la vera del lago. La tradicional fiesta se realizar\u00e1 en el Parque de Asistencia el domingo 27 de Agosto desde las 14hs. Ser\u00e1 una tarde llena juegos, premios, m\u00fasica, circo, baile, acrobacias y much\u00edsima diversi\u00f3n para todas las edades. [&hellip;]<\/p>\n","protected":false},"author":1,"featured_media":4744,"comment_status":"closed","ping_status":"closed","sticky":false,"template":"","format":"standard","meta":{"footnotes":""},"categories":[69],"tags":[345],"class_list":["post-4743","post","type-post","status-publish","format-standard","has-post-thumbnail","hentry","category-noticias","tag-destacar"],"_links":{"self":[{"href":"https:\/\/www.nextmultimedio.com\/index.php?rest_route=\/wp\/v2\/posts\/4743","targetHints":{"allow":["GET"]}}],"collection":[{"href":"https:\/\/www.nextmultimedio.com\/index.php?rest_route=\/wp\/v2\/posts"}],"about":[{"href":"https:\/\/www.nextmultimedio.com\/index.php?rest_route=\/wp\/v2\/types\/post"}],"author":[{"embeddable":true,"href":"https:\/\/www.nextmultimedio.com\/index.php?rest_route=\/wp\/v2\/users\/1"}],"replies":[{"embeddable":true,"href":"https:\/\/www.nextmultimedio.com\/index.php?rest_route=%2Fwp%2Fv2%2Fcomments&post=4743"}],"version-history":[{"count":2,"href":"https:\/\/www.nextmultimedio.com\/index.php?rest_route=\/wp\/v2\/posts\/4743\/revisions"}],"predecessor-version":[{"id":4747,"href":"https:\/\/www.nextmultimedio.com\/index.php?rest_route=\/wp\/v2\/posts\/4743\/revisions\/4747"}],"wp:featuredmedia":[{"embeddable":true,"href":"https:\/\/www.nextmultimedio.com\/index.php?rest_route=\/wp\/v2\/media\/4744"}],"wp:attachment":[{"href":"https:\/\/www.nextmultimedio.com\/index.php?rest_route=%2Fwp%2Fv2%2Fmedia&parent=4743"}],"wp:term":[{"taxonomy":"category","embeddable":true,"href":"https:\/\/www.nextmultimedio.com\/index.php?rest_route=%2Fwp%2Fv2%2Fcategories&post=4743"},{"taxonomy":"post_tag","embeddable":true,"href":"https:\/\/www.nextmultimedio.com\/index.php?rest_route=%2Fwp%2Fv2%2Ftags&post=4743"}],"curies":[{"name":"wp","href":"https:\/\/api.w.org\/{rel}","templated":true}]}}