{"id":4642,"date":"2023-08-08T21:30:44","date_gmt":"2023-08-09T00:30:44","guid":{"rendered":"https:\/\/www.nextmultimedio.com\/?p=4642"},"modified":"2023-08-08T21:30:45","modified_gmt":"2023-08-09T00:30:45","slug":"los-hoteles-mas-importantes-de-la-argentina-tuvieron-su-encuentro-en-villa-carlos-paz","status":"publish","type":"post","link":"https:\/\/www.nextmultimedio.com\/?p=4642","title":{"rendered":"LOS HOTELES M\u00c1S IMPORTANTES DE LA ARGENTINA TUVIERON SU ENCUENTRO EN VILLA CARLOS PAZ"},"content":{"rendered":"\n<p><strong> En las instalaciones del Hotel Pinares Panorama se realiz\u00f3 el cierre de la 48\u00ba Reuni\u00f3n de Presidentes de filiales de la Asociaci\u00f3n de Hoteles de Turismo (AHT).<\/strong><\/p>\n\n\n\n<figure class=\"wp-block-image size-large\"><img loading=\"lazy\" decoding=\"async\" width=\"818\" height=\"1024\" src=\"https:\/\/www.nextmultimedio.com\/wp-content\/uploads\/2023\/08\/363824512_773080784823100_6822733907828157630_n-818x1024.jpg\" alt=\"\" class=\"wp-image-4643\" srcset=\"https:\/\/www.nextmultimedio.com\/wp-content\/uploads\/2023\/08\/363824512_773080784823100_6822733907828157630_n-818x1024.jpg 818w, https:\/\/www.nextmultimedio.com\/wp-content\/uploads\/2023\/08\/363824512_773080784823100_6822733907828157630_n-240x300.jpg 240w, https:\/\/www.nextmultimedio.com\/wp-content\/uploads\/2023\/08\/363824512_773080784823100_6822733907828157630_n-768x961.jpg 768w, https:\/\/www.nextmultimedio.com\/wp-content\/uploads\/2023\/08\/363824512_773080784823100_6822733907828157630_n.jpg 1066w\" sizes=\"auto, (max-width: 818px) 100vw, 818px\" \/><\/figure>\n\n\n\n<p>Con la presencia del Intendente Daniel G\u00f3mez Gesteira, del Secretario de Turismo, Cultura y Deportes Sebasti\u00e1n Boldrini y del Intendente Electo Esteban Avil\u00e9s, se llev\u00f3 a cabo hoy en las instalaciones del Hotel Pinares Panorama el cierre de la 48\u00ba Reuni\u00f3n de Presidentes de filiales de la Asociaci\u00f3n de Hoteles de Turismo (AHT).<\/p>\n\n\n\n<p><br>\u201cEste tipo de encuentros tur\u00edsticos son muy importantes para fortalecer el sector hotelero, Villa Carlos Paz sigue siendo un gran atractivo para estas actividades ya que es una marca de calidad a nivel nacional e internacional\u201d, expres\u00f3 Daniel G\u00f3mez Gesteira.<\/p>\n\n\n\n<p><br>Por su parte, Gabriela Ferrucci, Presidente de la AHT, agreg\u00f3: \u201cPara nosotros es una alegr\u00eda enorme estar reunidos aqu\u00ed hoy. Es un lugar muy especial, fundamental para nuestro proyecto de hoteler\u00eda sustentable. Tenemos muchos hoteles asociados en toda la provincia de C\u00f3rdoba bajo la etiqueta hoteles m\u00e1s verdes con el objetivo de desarrollar turismo sustentable\u201d.<\/p>\n\n\n\n<p><br>Finalmente, el Intendente Electo Esteban Avil\u00e9s, destac\u00f3: \u201cSiempre estamos muy agradecidos que nos elijan como sede de este tipo de reuniones. Estos establecimientos elevan la vara y seguimos sumando calidad a estos destinos. El desaf\u00edo futuro es enorme, vamos a internacionalizar nuestro destino. Tenemos todas las herramientas para poder realizarlo\u201d.<br>Cabe destacar que este encuentro concentr\u00f3 a representantes de establecimientos hoteleros de categor\u00eda superior de toda la Argentina.<\/p>\n","protected":false},"excerpt":{"rendered":"<p>En las instalaciones del Hotel Pinares Panorama se realiz\u00f3 el cierre de la 48\u00ba Reuni\u00f3n de Presidentes de filiales de la Asociaci\u00f3n de Hoteles de Turismo (AHT). Con la presencia del Intendente Daniel G\u00f3mez Gesteira, del Secretario de Turismo, Cultura y Deportes Sebasti\u00e1n Boldrini y del Intendente Electo Esteban Avil\u00e9s, se llev\u00f3 a cabo hoy [&hellip;]<\/p>\n","protected":false},"author":1,"featured_media":4643,"comment_status":"closed","ping_status":"closed","sticky":false,"template":"","format":"standard","meta":{"footnotes":""},"categories":[69],"tags":[345],"class_list":["post-4642","post","type-post","status-publish","format-standard","has-post-thumbnail","hentry","category-noticias","tag-destacar"],"_links":{"self":[{"href":"https:\/\/www.nextmultimedio.com\/index.php?rest_route=\/wp\/v2\/posts\/4642","targetHints":{"allow":["GET"]}}],"collection":[{"href":"https:\/\/www.nextmultimedio.com\/index.php?rest_route=\/wp\/v2\/posts"}],"about":[{"href":"https:\/\/www.nextmultimedio.com\/index.php?rest_route=\/wp\/v2\/types\/post"}],"author":[{"embeddable":true,"href":"https:\/\/www.nextmultimedio.com\/index.php?rest_route=\/wp\/v2\/users\/1"}],"replies":[{"embeddable":true,"href":"https:\/\/www.nextmultimedio.com\/index.php?rest_route=%2Fwp%2Fv2%2Fcomments&post=4642"}],"version-history":[{"count":1,"href":"https:\/\/www.nextmultimedio.com\/index.php?rest_route=\/wp\/v2\/posts\/4642\/revisions"}],"predecessor-version":[{"id":4644,"href":"https:\/\/www.nextmultimedio.com\/index.php?rest_route=\/wp\/v2\/posts\/4642\/revisions\/4644"}],"wp:featuredmedia":[{"embeddable":true,"href":"https:\/\/www.nextmultimedio.com\/index.php?rest_route=\/wp\/v2\/media\/4643"}],"wp:attachment":[{"href":"https:\/\/www.nextmultimedio.com\/index.php?rest_route=%2Fwp%2Fv2%2Fmedia&parent=4642"}],"wp:term":[{"taxonomy":"category","embeddable":true,"href":"https:\/\/www.nextmultimedio.com\/index.php?rest_route=%2Fwp%2Fv2%2Fcategories&post=4642"},{"taxonomy":"post_tag","embeddable":true,"href":"https:\/\/www.nextmultimedio.com\/index.php?rest_route=%2Fwp%2Fv2%2Ftags&post=4642"}],"curies":[{"name":"wp","href":"https:\/\/api.w.org\/{rel}","templated":true}]}}