{"id":4591,"date":"2023-08-04T20:34:57","date_gmt":"2023-08-04T23:34:57","guid":{"rendered":"https:\/\/www.nextmultimedio.com\/?p=4591"},"modified":"2023-08-04T20:34:58","modified_gmt":"2023-08-04T23:34:58","slug":"un-nuevo-accidente-se-produjo-en-avenida-carcano","status":"publish","type":"post","link":"https:\/\/www.nextmultimedio.com\/?p=4591","title":{"rendered":"UN NUEVO ACCIDENTE SE PRODUJO EN AVENIDA C\u00c1RCANO"},"content":{"rendered":"<div class=\"wp-block-image\">\n<figure class=\"aligncenter size-large\"><img loading=\"lazy\" decoding=\"async\" width=\"1024\" height=\"766\" src=\"https:\/\/www.nextmultimedio.com\/wp-content\/uploads\/2023\/08\/365196885_770392221758623_7588158121279681819_n-1024x766.jpg\" alt=\"\" class=\"wp-image-4592\" srcset=\"https:\/\/www.nextmultimedio.com\/wp-content\/uploads\/2023\/08\/365196885_770392221758623_7588158121279681819_n-1024x766.jpg 1024w, https:\/\/www.nextmultimedio.com\/wp-content\/uploads\/2023\/08\/365196885_770392221758623_7588158121279681819_n-300x224.jpg 300w, https:\/\/www.nextmultimedio.com\/wp-content\/uploads\/2023\/08\/365196885_770392221758623_7588158121279681819_n-768x575.jpg 768w, https:\/\/www.nextmultimedio.com\/wp-content\/uploads\/2023\/08\/365196885_770392221758623_7588158121279681819_n.jpg 1080w\" sizes=\"auto, (max-width: 1024px) 100vw, 1024px\" \/><\/figure>\n<\/div>\n\n\n<p>Personal Policial del Comando de Acci\u00f3n Preventiva tom\u00f3 conocimiento sobre un accidente en Av. Carcano esq. Mendoza, B\u00b0 Miguel Mu\u00f1oz.<\/p>\n\n\n\n<p><br>Al llegar entrevistan a un hombre de 59 a\u00f1os de edad, quien se conduc\u00eda en su veh\u00edculo marca Chevrolet Prisma, manifestando que en circunstancias a establecer habr\u00eda sido impactado en la parte trasera por otro veh\u00edculo marca Ford Eco sport, conducida por otro hombre de 75 a\u00f1os.<\/p>\n\n\n\n<p><br>En el lugar se hizo presente el servicio de emergencias, no ameritando el traslado de ninguno de los conductores ya que no presentaban lesiones.<\/p>\n","protected":false},"excerpt":{"rendered":"<p>Personal Policial del Comando de Acci\u00f3n Preventiva tom\u00f3 conocimiento sobre un accidente en Av. Carcano esq. Mendoza, B\u00b0 Miguel Mu\u00f1oz. Al llegar entrevistan a un hombre de 59 a\u00f1os de edad, quien se conduc\u00eda en su veh\u00edculo marca Chevrolet Prisma, manifestando que en circunstancias a establecer habr\u00eda sido impactado en la parte trasera por otro [&hellip;]<\/p>\n","protected":false},"author":1,"featured_media":4592,"comment_status":"closed","ping_status":"closed","sticky":false,"template":"","format":"standard","meta":{"footnotes":""},"categories":[69],"tags":[345],"class_list":["post-4591","post","type-post","status-publish","format-standard","has-post-thumbnail","hentry","category-noticias","tag-destacar"],"_links":{"self":[{"href":"https:\/\/www.nextmultimedio.com\/index.php?rest_route=\/wp\/v2\/posts\/4591","targetHints":{"allow":["GET"]}}],"collection":[{"href":"https:\/\/www.nextmultimedio.com\/index.php?rest_route=\/wp\/v2\/posts"}],"about":[{"href":"https:\/\/www.nextmultimedio.com\/index.php?rest_route=\/wp\/v2\/types\/post"}],"author":[{"embeddable":true,"href":"https:\/\/www.nextmultimedio.com\/index.php?rest_route=\/wp\/v2\/users\/1"}],"replies":[{"embeddable":true,"href":"https:\/\/www.nextmultimedio.com\/index.php?rest_route=%2Fwp%2Fv2%2Fcomments&post=4591"}],"version-history":[{"count":1,"href":"https:\/\/www.nextmultimedio.com\/index.php?rest_route=\/wp\/v2\/posts\/4591\/revisions"}],"predecessor-version":[{"id":4593,"href":"https:\/\/www.nextmultimedio.com\/index.php?rest_route=\/wp\/v2\/posts\/4591\/revisions\/4593"}],"wp:featuredmedia":[{"embeddable":true,"href":"https:\/\/www.nextmultimedio.com\/index.php?rest_route=\/wp\/v2\/media\/4592"}],"wp:attachment":[{"href":"https:\/\/www.nextmultimedio.com\/index.php?rest_route=%2Fwp%2Fv2%2Fmedia&parent=4591"}],"wp:term":[{"taxonomy":"category","embeddable":true,"href":"https:\/\/www.nextmultimedio.com\/index.php?rest_route=%2Fwp%2Fv2%2Fcategories&post=4591"},{"taxonomy":"post_tag","embeddable":true,"href":"https:\/\/www.nextmultimedio.com\/index.php?rest_route=%2Fwp%2Fv2%2Ftags&post=4591"}],"curies":[{"name":"wp","href":"https:\/\/api.w.org\/{rel}","templated":true}]}}