{"id":4067,"date":"2023-06-20T19:31:09","date_gmt":"2023-06-20T22:31:09","guid":{"rendered":"https:\/\/www.nextmultimedio.com\/?p=4067"},"modified":"2023-06-20T19:31:10","modified_gmt":"2023-06-20T22:31:10","slug":"20-de-juniose-realizo-el-acto-oficial-por-el-dia-de-la-bandera","status":"publish","type":"post","link":"https:\/\/www.nextmultimedio.com\/?p=4067","title":{"rendered":"20 DE JUNIO:SE REALIZ\u00d3 EL ACTO OFICIAL POR EL D\u00cdA DE LA BANDERA"},"content":{"rendered":"\n<p><strong>\u00a1Felicitaciones a los estudiantes de 4to grado!<\/strong><\/p>\n\n\n\n<p><\/p>\n\n\n\n<figure class=\"wp-block-image size-full\"><img loading=\"lazy\" decoding=\"async\" width=\"960\" height=\"960\" src=\"https:\/\/www.nextmultimedio.com\/wp-content\/uploads\/2023\/06\/355331476_739402654857580_4148886236123981443_n.jpg\" alt=\"\" class=\"wp-image-4068\" srcset=\"https:\/\/www.nextmultimedio.com\/wp-content\/uploads\/2023\/06\/355331476_739402654857580_4148886236123981443_n.jpg 960w, https:\/\/www.nextmultimedio.com\/wp-content\/uploads\/2023\/06\/355331476_739402654857580_4148886236123981443_n-300x300.jpg 300w, https:\/\/www.nextmultimedio.com\/wp-content\/uploads\/2023\/06\/355331476_739402654857580_4148886236123981443_n-768x768.jpg 768w\" sizes=\"auto, (max-width: 960px) 100vw, 960px\" \/><\/figure>\n\n\n\n<p>Se realiz\u00f3 esta ma\u00f1ana en los jardines municipales la promesa a la bandera donde participaron alumnos de distintas escuelas de la ciudad con sus docentes y familias, autoridades municipales y de organizaciones e instituciones , y vecinos en general.<\/p>\n\n\n\n<p><br>Pese a las bajas temperaturas los peque\u00f1os estudiantes orgullosos hicieron la promesa de lealtad a la Bandera Nacional y recibieron sus diplomas.<\/p>\n\n\n\n<p><br>Luego disfrutaron de un merecido chocolate caliente.Cabe destacar adem\u00e1s qu\u00e9 cada establecimiento educativo recibi\u00f3 una bandera argentina de tres metros.<\/p>\n\n\n<div class=\"wp-block-image\">\n<figure class=\"aligncenter size-full\"><img loading=\"lazy\" decoding=\"async\" width=\"721\" height=\"480\" src=\"https:\/\/www.nextmultimedio.com\/wp-content\/uploads\/2023\/06\/355488679_739406821523830_4604535495925563128_n.jpg\" alt=\"\" class=\"wp-image-4069\" srcset=\"https:\/\/www.nextmultimedio.com\/wp-content\/uploads\/2023\/06\/355488679_739406821523830_4604535495925563128_n.jpg 721w, https:\/\/www.nextmultimedio.com\/wp-content\/uploads\/2023\/06\/355488679_739406821523830_4604535495925563128_n-300x200.jpg 300w\" sizes=\"auto, (max-width: 721px) 100vw, 721px\" \/><\/figure>\n<\/div>\n\n<div class=\"wp-block-image\">\n<figure class=\"aligncenter size-full\"><img loading=\"lazy\" decoding=\"async\" width=\"721\" height=\"480\" src=\"https:\/\/www.nextmultimedio.com\/wp-content\/uploads\/2023\/06\/355159920_739406741523838_7597646211031799930_n.jpg\" alt=\"\" class=\"wp-image-4070\" srcset=\"https:\/\/www.nextmultimedio.com\/wp-content\/uploads\/2023\/06\/355159920_739406741523838_7597646211031799930_n.jpg 721w, https:\/\/www.nextmultimedio.com\/wp-content\/uploads\/2023\/06\/355159920_739406741523838_7597646211031799930_n-300x200.jpg 300w\" sizes=\"auto, (max-width: 721px) 100vw, 721px\" \/><\/figure>\n<\/div>\n\n\n<p><br>Im\u00e1genes: @curvinovcp y NEXTMULTIMEDIO<\/p>\n","protected":false},"excerpt":{"rendered":"<p>\u00a1Felicitaciones a los estudiantes de 4to grado! Se realiz\u00f3 esta ma\u00f1ana en los jardines municipales la promesa a la bandera donde participaron alumnos de distintas escuelas de la ciudad con sus docentes y familias, autoridades municipales y de organizaciones e instituciones , y vecinos en general. Pese a las bajas temperaturas los peque\u00f1os estudiantes orgullosos [&hellip;]<\/p>\n","protected":false},"author":1,"featured_media":4068,"comment_status":"closed","ping_status":"closed","sticky":false,"template":"","format":"standard","meta":{"footnotes":""},"categories":[69],"tags":[345],"class_list":["post-4067","post","type-post","status-publish","format-standard","has-post-thumbnail","hentry","category-noticias","tag-destacar"],"_links":{"self":[{"href":"https:\/\/www.nextmultimedio.com\/index.php?rest_route=\/wp\/v2\/posts\/4067","targetHints":{"allow":["GET"]}}],"collection":[{"href":"https:\/\/www.nextmultimedio.com\/index.php?rest_route=\/wp\/v2\/posts"}],"about":[{"href":"https:\/\/www.nextmultimedio.com\/index.php?rest_route=\/wp\/v2\/types\/post"}],"author":[{"embeddable":true,"href":"https:\/\/www.nextmultimedio.com\/index.php?rest_route=\/wp\/v2\/users\/1"}],"replies":[{"embeddable":true,"href":"https:\/\/www.nextmultimedio.com\/index.php?rest_route=%2Fwp%2Fv2%2Fcomments&post=4067"}],"version-history":[{"count":1,"href":"https:\/\/www.nextmultimedio.com\/index.php?rest_route=\/wp\/v2\/posts\/4067\/revisions"}],"predecessor-version":[{"id":4071,"href":"https:\/\/www.nextmultimedio.com\/index.php?rest_route=\/wp\/v2\/posts\/4067\/revisions\/4071"}],"wp:featuredmedia":[{"embeddable":true,"href":"https:\/\/www.nextmultimedio.com\/index.php?rest_route=\/wp\/v2\/media\/4068"}],"wp:attachment":[{"href":"https:\/\/www.nextmultimedio.com\/index.php?rest_route=%2Fwp%2Fv2%2Fmedia&parent=4067"}],"wp:term":[{"taxonomy":"category","embeddable":true,"href":"https:\/\/www.nextmultimedio.com\/index.php?rest_route=%2Fwp%2Fv2%2Fcategories&post=4067"},{"taxonomy":"post_tag","embeddable":true,"href":"https:\/\/www.nextmultimedio.com\/index.php?rest_route=%2Fwp%2Fv2%2Ftags&post=4067"}],"curies":[{"name":"wp","href":"https:\/\/api.w.org\/{rel}","templated":true}]}}