{"id":3657,"date":"2023-05-13T21:42:05","date_gmt":"2023-05-14T00:42:05","guid":{"rendered":"https:\/\/www.nextmultimedio.com\/?p=3657"},"modified":"2023-05-13T21:42:07","modified_gmt":"2023-05-14T00:42:07","slug":"vcp-ilumina-sol-y-lago-100-iluminado","status":"publish","type":"post","link":"https:\/\/www.nextmultimedio.com\/?p=3657","title":{"rendered":"<strong>VCP ILUMINA: SOL Y LAGO 100% ILUMINADO<\/strong>"},"content":{"rendered":"\n<p><strong>El viernes a la noche se realiz\u00f3 la presentaci\u00f3n de las luces led del sector, adem\u00e1s se entregaron reconocimientos a los vecinos m\u00e1s representativos del barrio.<\/strong><\/p>\n\n\n\n<figure class=\"wp-block-image size-large\"><img loading=\"lazy\" decoding=\"async\" width=\"1024\" height=\"682\" src=\"https:\/\/www.nextmultimedio.com\/wp-content\/uploads\/2023\/05\/led091-1024x682.jpg\" alt=\"\" class=\"wp-image-3658\" srcset=\"https:\/\/www.nextmultimedio.com\/wp-content\/uploads\/2023\/05\/led091-1024x682.jpg 1024w, https:\/\/www.nextmultimedio.com\/wp-content\/uploads\/2023\/05\/led091-300x200.jpg 300w, https:\/\/www.nextmultimedio.com\/wp-content\/uploads\/2023\/05\/led091-768x512.jpg 768w, https:\/\/www.nextmultimedio.com\/wp-content\/uploads\/2023\/05\/led091-1536x1023.jpg 1536w, https:\/\/www.nextmultimedio.com\/wp-content\/uploads\/2023\/05\/led091.jpg 1600w\" sizes=\"auto, (max-width: 1024px) 100vw, 1024px\" \/><\/figure>\n\n\n\n<p><\/p>\n\n\n\n<p>Se realiz\u00f3 el recambio y la colocaci\u00f3n de nuevas luminarias LED en Sol y Lago ,  uno de los barrios m\u00e1s tradicionales de la ciudad con numerosas familias que viven en el sector desde hace muchos a\u00f1os, adem\u00e1s de contar con una amplia oferta hotelera, donde se recibe a turistas y congresos de reuniones.<\/p>\n\n\n\n<p>Sonia Camps, presidenta del Centro Vecinal Sol y Lago, destac\u00f3: \u201cEstamos realmente muy contentos todos como vecinos de este barrio, la nueva luminaria LED brinda muchos beneficios como mayor seguridad, toda la ciudad ha quedado muy linda\u201d.<\/p>\n\n\n\n<p>Por su parte, Roger, vecino del barrio Sol y Lago, se\u00f1al\u00f3: \u201cEsta tecnolog\u00eda LED trae muchos beneficios desde el cuidado del ambiente, adem\u00e1s de que es un avance y un progreso para toda la ciudad\u201d.<\/p>\n\n\n\n<p>La presentaci\u00f3n cont\u00f3 con la actuaci\u00f3n de integrantes del CEM y reconocimientos a los vecinos m\u00e1s representativos que vieron nacer y crecer el barrio.<\/p>\n\n\n\n<figure class=\"wp-block-image size-large\"><img loading=\"lazy\" decoding=\"async\" width=\"1024\" height=\"682\" src=\"https:\/\/www.nextmultimedio.com\/wp-content\/uploads\/2023\/05\/led101-1024x682.jpg\" alt=\"\" class=\"wp-image-3659\" srcset=\"https:\/\/www.nextmultimedio.com\/wp-content\/uploads\/2023\/05\/led101-1024x682.jpg 1024w, https:\/\/www.nextmultimedio.com\/wp-content\/uploads\/2023\/05\/led101-300x200.jpg 300w, https:\/\/www.nextmultimedio.com\/wp-content\/uploads\/2023\/05\/led101-768x512.jpg 768w, https:\/\/www.nextmultimedio.com\/wp-content\/uploads\/2023\/05\/led101-1536x1023.jpg 1536w, https:\/\/www.nextmultimedio.com\/wp-content\/uploads\/2023\/05\/led101.jpg 1600w\" sizes=\"auto, (max-width: 1024px) 100vw, 1024px\" \/><\/figure>\n\n\n\n<p><\/p>\n\n\n\n<figure class=\"wp-block-image size-large\"><img loading=\"lazy\" decoding=\"async\" width=\"1024\" height=\"682\" src=\"https:\/\/www.nextmultimedio.com\/wp-content\/uploads\/2023\/05\/led01-1024x682.jpg\" alt=\"\" class=\"wp-image-3660\" srcset=\"https:\/\/www.nextmultimedio.com\/wp-content\/uploads\/2023\/05\/led01-1024x682.jpg 1024w, https:\/\/www.nextmultimedio.com\/wp-content\/uploads\/2023\/05\/led01-300x200.jpg 300w, https:\/\/www.nextmultimedio.com\/wp-content\/uploads\/2023\/05\/led01-768x512.jpg 768w, https:\/\/www.nextmultimedio.com\/wp-content\/uploads\/2023\/05\/led01-1536x1023.jpg 1536w, https:\/\/www.nextmultimedio.com\/wp-content\/uploads\/2023\/05\/led01.jpg 1600w\" sizes=\"auto, (max-width: 1024px) 100vw, 1024px\" \/><\/figure>\n","protected":false},"excerpt":{"rendered":"<p>El viernes a la noche se realiz\u00f3 la presentaci\u00f3n de las luces led del sector, adem\u00e1s se entregaron reconocimientos a los vecinos m\u00e1s representativos del barrio. Se realiz\u00f3 el recambio y la colocaci\u00f3n de nuevas luminarias LED en Sol y Lago , uno de los barrios m\u00e1s tradicionales de la ciudad con numerosas familias que [&hellip;]<\/p>\n","protected":false},"author":1,"featured_media":3658,"comment_status":"closed","ping_status":"closed","sticky":false,"template":"","format":"standard","meta":{"footnotes":""},"categories":[69],"tags":[345],"class_list":["post-3657","post","type-post","status-publish","format-standard","has-post-thumbnail","hentry","category-noticias","tag-destacar"],"_links":{"self":[{"href":"https:\/\/www.nextmultimedio.com\/index.php?rest_route=\/wp\/v2\/posts\/3657","targetHints":{"allow":["GET"]}}],"collection":[{"href":"https:\/\/www.nextmultimedio.com\/index.php?rest_route=\/wp\/v2\/posts"}],"about":[{"href":"https:\/\/www.nextmultimedio.com\/index.php?rest_route=\/wp\/v2\/types\/post"}],"author":[{"embeddable":true,"href":"https:\/\/www.nextmultimedio.com\/index.php?rest_route=\/wp\/v2\/users\/1"}],"replies":[{"embeddable":true,"href":"https:\/\/www.nextmultimedio.com\/index.php?rest_route=%2Fwp%2Fv2%2Fcomments&post=3657"}],"version-history":[{"count":1,"href":"https:\/\/www.nextmultimedio.com\/index.php?rest_route=\/wp\/v2\/posts\/3657\/revisions"}],"predecessor-version":[{"id":3661,"href":"https:\/\/www.nextmultimedio.com\/index.php?rest_route=\/wp\/v2\/posts\/3657\/revisions\/3661"}],"wp:featuredmedia":[{"embeddable":true,"href":"https:\/\/www.nextmultimedio.com\/index.php?rest_route=\/wp\/v2\/media\/3658"}],"wp:attachment":[{"href":"https:\/\/www.nextmultimedio.com\/index.php?rest_route=%2Fwp%2Fv2%2Fmedia&parent=3657"}],"wp:term":[{"taxonomy":"category","embeddable":true,"href":"https:\/\/www.nextmultimedio.com\/index.php?rest_route=%2Fwp%2Fv2%2Fcategories&post=3657"},{"taxonomy":"post_tag","embeddable":true,"href":"https:\/\/www.nextmultimedio.com\/index.php?rest_route=%2Fwp%2Fv2%2Ftags&post=3657"}],"curies":[{"name":"wp","href":"https:\/\/api.w.org\/{rel}","templated":true}]}}