{"id":3523,"date":"2023-04-30T12:14:02","date_gmt":"2023-04-30T15:14:02","guid":{"rendered":"https:\/\/www.nextmultimedio.com\/?p=3523"},"modified":"2023-04-30T12:14:04","modified_gmt":"2023-04-30T15:14:04","slug":"se-incendio-un-vehiculo-en-la-zona-del-cucu","status":"publish","type":"post","link":"https:\/\/www.nextmultimedio.com\/?p=3523","title":{"rendered":"SE INCENDI\u00d3 UN VEH\u00cdCULO EN LA ZONA DEL CUC\u00da"},"content":{"rendered":"\n<p><strong>Ocurri\u00f3 en el mediod\u00eda del s\u00e1bado en 9 de julio al 400. <\/strong><\/p>\n\n\n\n<figure class=\"wp-block-image size-large is-resized\"><img loading=\"lazy\" decoding=\"async\" src=\"https:\/\/www.nextmultimedio.com\/wp-content\/uploads\/2023\/04\/incen-1024x576.jpg\" alt=\"\" class=\"wp-image-3524\" width=\"840\" height=\"472\" srcset=\"https:\/\/www.nextmultimedio.com\/wp-content\/uploads\/2023\/04\/incen-1024x576.jpg 1024w, https:\/\/www.nextmultimedio.com\/wp-content\/uploads\/2023\/04\/incen-300x169.jpg 300w, https:\/\/www.nextmultimedio.com\/wp-content\/uploads\/2023\/04\/incen-768x432.jpg 768w, https:\/\/www.nextmultimedio.com\/wp-content\/uploads\/2023\/04\/incen-1536x864.jpg 1536w, https:\/\/www.nextmultimedio.com\/wp-content\/uploads\/2023\/04\/incen.jpg 1599w\" sizes=\"auto, (max-width: 840px) 100vw, 840px\" \/><\/figure>\n\n\n\n<p>Personal del EME mientras patrullaba el lugar, observan un automovil Volkswagen Gol, el que presentaba fuego en el motor. <\/p>\n\n\n\n<p>Se procedi\u00f3 inmediatamente a la extinci\u00f3n del fuego en el mismo, mediante uso de matafuegos y se asegur\u00f3 el rodado quitando el suministro el\u00e9ctrico y anulando la alimentaci\u00f3n de GNC.<\/p>\n\n\n\n<p>Se entrevista al conductor, un hombre de 30 a\u00f1os de edad, quien manifest\u00f3 que aparentemente el inicio del foco de incendio se habr\u00eda dado por un desperfecto mec\u00e1nico.<\/p>\n\n\n\n<p>Se hizo presente personal de Bomberos Voluntarios, quienes procedieron al enfriamiento del veh\u00edculo y personal del servicio de emergencias local, quienes no constataron lesionados en el presente hecho.<\/p>\n","protected":false},"excerpt":{"rendered":"<p>Ocurri\u00f3 en el mediod\u00eda del s\u00e1bado en 9 de julio al 400. Personal del EME mientras patrullaba el lugar, observan un automovil Volkswagen Gol, el que presentaba fuego en el motor. Se procedi\u00f3 inmediatamente a la extinci\u00f3n del fuego en el mismo, mediante uso de matafuegos y se asegur\u00f3 el rodado quitando el suministro el\u00e9ctrico [&hellip;]<\/p>\n","protected":false},"author":1,"featured_media":3524,"comment_status":"closed","ping_status":"closed","sticky":false,"template":"","format":"standard","meta":{"footnotes":""},"categories":[69],"tags":[345],"class_list":["post-3523","post","type-post","status-publish","format-standard","has-post-thumbnail","hentry","category-noticias","tag-destacar"],"_links":{"self":[{"href":"https:\/\/www.nextmultimedio.com\/index.php?rest_route=\/wp\/v2\/posts\/3523","targetHints":{"allow":["GET"]}}],"collection":[{"href":"https:\/\/www.nextmultimedio.com\/index.php?rest_route=\/wp\/v2\/posts"}],"about":[{"href":"https:\/\/www.nextmultimedio.com\/index.php?rest_route=\/wp\/v2\/types\/post"}],"author":[{"embeddable":true,"href":"https:\/\/www.nextmultimedio.com\/index.php?rest_route=\/wp\/v2\/users\/1"}],"replies":[{"embeddable":true,"href":"https:\/\/www.nextmultimedio.com\/index.php?rest_route=%2Fwp%2Fv2%2Fcomments&post=3523"}],"version-history":[{"count":1,"href":"https:\/\/www.nextmultimedio.com\/index.php?rest_route=\/wp\/v2\/posts\/3523\/revisions"}],"predecessor-version":[{"id":3525,"href":"https:\/\/www.nextmultimedio.com\/index.php?rest_route=\/wp\/v2\/posts\/3523\/revisions\/3525"}],"wp:featuredmedia":[{"embeddable":true,"href":"https:\/\/www.nextmultimedio.com\/index.php?rest_route=\/wp\/v2\/media\/3524"}],"wp:attachment":[{"href":"https:\/\/www.nextmultimedio.com\/index.php?rest_route=%2Fwp%2Fv2%2Fmedia&parent=3523"}],"wp:term":[{"taxonomy":"category","embeddable":true,"href":"https:\/\/www.nextmultimedio.com\/index.php?rest_route=%2Fwp%2Fv2%2Fcategories&post=3523"},{"taxonomy":"post_tag","embeddable":true,"href":"https:\/\/www.nextmultimedio.com\/index.php?rest_route=%2Fwp%2Fv2%2Ftags&post=3523"}],"curies":[{"name":"wp","href":"https:\/\/api.w.org\/{rel}","templated":true}]}}