{"id":3221,"date":"2023-04-06T11:25:19","date_gmt":"2023-04-06T14:25:19","guid":{"rendered":"https:\/\/www.nextmultimedio.com\/?p=3221"},"modified":"2023-04-06T11:30:23","modified_gmt":"2023-04-06T14:30:23","slug":"como-sigue-franco-marino","status":"publish","type":"post","link":"https:\/\/www.nextmultimedio.com\/?p=3221","title":{"rendered":"\u00bfC\u00d3MO SIGUE FRANCO MARINO?"},"content":{"rendered":"\n<p><strong>El joven que fue embestido por un auto en El Fantasio  fue operado  y su familia est\u00e1 esperanzada, Todo Carlos Paz reza por \u00e9l<\/strong>.<\/p>\n\n\n<div class=\"wp-block-image\">\n<figure class=\"aligncenter size-full\"><img loading=\"lazy\" decoding=\"async\" width=\"526\" height=\"526\" src=\"https:\/\/www.nextmultimedio.com\/wp-content\/uploads\/2023\/04\/339170777_1233884330823622_5745491696336819743_n.jpg\" alt=\"\" class=\"wp-image-3222\" srcset=\"https:\/\/www.nextmultimedio.com\/wp-content\/uploads\/2023\/04\/339170777_1233884330823622_5745491696336819743_n.jpg 526w, https:\/\/www.nextmultimedio.com\/wp-content\/uploads\/2023\/04\/339170777_1233884330823622_5745491696336819743_n-300x300.jpg 300w\" sizes=\"auto, (max-width: 526px) 100vw, 526px\" \/><\/figure>\n<\/div>\n\n\n<p>El joven Franco Marino  de 23 a\u00f1os  quien sufri\u00f3 un accidente en el cual un automovilista lo embisti\u00f3 cuando estaba estacionado con su moto sobre la costanera del Fantasio el pasado fin de semana, fue sometido a una operaci\u00f3n de cinco horas en el Hospital Domingo Funes, permanece con pron\u00f3stico reservado y se aguarda su evoluci\u00f3n en las pr\u00f3ximas horas.<\/p>\n\n\n\n<p>Fue sometido a una craniectom\u00eda descomprensiva&nbsp;, si bien  el \u00faltimo parte m\u00e9dico arroj\u00f3 que su estado es grave su familia no pierde las esperanzas ya que esta intervenci\u00f3n es el primer paso para su recuperaci\u00f3n.<\/p>\n\n\n\n<p>Todo Carlos Paz aguarda por su recuperaci\u00f3n.<\/p>\n","protected":false},"excerpt":{"rendered":"<p>El joven que fue embestido por un auto en El Fantasio fue operado y su familia est\u00e1 esperanzada, Todo Carlos Paz reza por \u00e9l. El joven Franco Marino de 23 a\u00f1os quien sufri\u00f3 un accidente en el cual un automovilista lo embisti\u00f3 cuando estaba estacionado con su moto sobre la costanera del Fantasio el pasado [&hellip;]<\/p>\n","protected":false},"author":1,"featured_media":3222,"comment_status":"closed","ping_status":"closed","sticky":false,"template":"","format":"standard","meta":{"footnotes":""},"categories":[69],"tags":[345],"class_list":["post-3221","post","type-post","status-publish","format-standard","has-post-thumbnail","hentry","category-noticias","tag-destacar"],"_links":{"self":[{"href":"https:\/\/www.nextmultimedio.com\/index.php?rest_route=\/wp\/v2\/posts\/3221","targetHints":{"allow":["GET"]}}],"collection":[{"href":"https:\/\/www.nextmultimedio.com\/index.php?rest_route=\/wp\/v2\/posts"}],"about":[{"href":"https:\/\/www.nextmultimedio.com\/index.php?rest_route=\/wp\/v2\/types\/post"}],"author":[{"embeddable":true,"href":"https:\/\/www.nextmultimedio.com\/index.php?rest_route=\/wp\/v2\/users\/1"}],"replies":[{"embeddable":true,"href":"https:\/\/www.nextmultimedio.com\/index.php?rest_route=%2Fwp%2Fv2%2Fcomments&post=3221"}],"version-history":[{"count":2,"href":"https:\/\/www.nextmultimedio.com\/index.php?rest_route=\/wp\/v2\/posts\/3221\/revisions"}],"predecessor-version":[{"id":3224,"href":"https:\/\/www.nextmultimedio.com\/index.php?rest_route=\/wp\/v2\/posts\/3221\/revisions\/3224"}],"wp:featuredmedia":[{"embeddable":true,"href":"https:\/\/www.nextmultimedio.com\/index.php?rest_route=\/wp\/v2\/media\/3222"}],"wp:attachment":[{"href":"https:\/\/www.nextmultimedio.com\/index.php?rest_route=%2Fwp%2Fv2%2Fmedia&parent=3221"}],"wp:term":[{"taxonomy":"category","embeddable":true,"href":"https:\/\/www.nextmultimedio.com\/index.php?rest_route=%2Fwp%2Fv2%2Fcategories&post=3221"},{"taxonomy":"post_tag","embeddable":true,"href":"https:\/\/www.nextmultimedio.com\/index.php?rest_route=%2Fwp%2Fv2%2Ftags&post=3221"}],"curies":[{"name":"wp","href":"https:\/\/api.w.org\/{rel}","templated":true}]}}