{"id":3212,"date":"2023-04-05T19:37:15","date_gmt":"2023-04-05T22:37:15","guid":{"rendered":"https:\/\/www.nextmultimedio.com\/?p=3212"},"modified":"2023-04-05T19:37:15","modified_gmt":"2023-04-05T22:37:15","slug":"semana-santa-transito-vehicular-restringido-este-viernes-en-algunos-sectores-de-la-ciudad-por-el-via-crucis","status":"publish","type":"post","link":"https:\/\/www.nextmultimedio.com\/?p=3212","title":{"rendered":"<strong>SEMANA SANTA: TR\u00c1NSITO VEH\u00cdCULAR RESTRINGIDO ESTE VIERNES EN ALGUNOS SECTORES DE LA CIUDAD POR EL V\u00cdA CRUCIS<\/strong>"},"content":{"rendered":"\n<p><strong>Desde la Direcci\u00f3n de Seguridad VCP se informa que con motivo de la celebraci\u00f3n de la Semana Santa, este viernes 7 de abril a las 19:30hs se ver\u00e1 restringido el tr\u00e1nsito vehicular en algunos sectores de la ciudad con motivo del V\u00eda Crucis.<\/strong><\/p>\n\n\n<div class=\"wp-block-image\">\n<figure class=\"aligncenter size-full is-resized\"><img loading=\"lazy\" decoding=\"async\" src=\"https:\/\/www.nextmultimedio.com\/wp-content\/uploads\/2023\/04\/descarga-19-1.jpg\" alt=\"\" class=\"wp-image-3219\" width=\"481\" height=\"269\"\/><\/figure>\n<\/div>\n\n\n<p>Desde la Direcci\u00f3n de Seguridad VCP se informa que con motivo de la celebraci\u00f3n de la Semana Santa, este viernes 7 de abril a las 19:30hs se ver\u00e1 restringido el tr\u00e1nsito vehicular en algunos sectores de la ciudad con motivo del V\u00eda Crucis.<\/p>\n\n\n\n<p>Viernes 7 de abril<\/p>\n\n\n\n<p>19:30hs. V\u00eda Crucis por las calles de la ciudad<\/p>\n\n\n\n<p>Procesi\u00f3n con antorchas por las calles de la ciudad conmemorando estaciones del tradicional via crucis.<\/p>\n\n\n\n<p>Recorrido : Pje. San Ignacio, Pje. Del Carmen, Av. San Mart\u00edn, Plazoleta de la Pacha Mama, Av. Sabattini (Costanera sentido NE), Florida, San Mart\u00edn, Caseros, Gral. Paz concluyendo frente a la Iglesia Nuestra Se\u00f1ora del C\u00e1rmen.<\/p>\n\n\n\n<p>En tanto, en la Parroquia San Jos\u00e9 ubicada en calle Santa F\u00e9 se realizar\u00e1 tambi\u00e9n este viernes a las 19:30hs. el v\u00eda crucis frente al templo parroquial, donde el tr\u00e1nsito se ver\u00e1 restringido en ese sector entre las calles Zuvir\u00eda y Trejo y Sanabria.<\/p>\n\n\n\n<p>El mismo viernes por la tarde, desde las 19:30hs, la Iglesia del Ni\u00f1o Dios tambi\u00e9n realizar\u00e1 su V\u00eda Crucis desde el Reloj Cu C\u00fa hac\u00edan el templo parroquial ubicado en barrio La Quinta. Recorrido: Bv. Sarmiento y calle Asunci\u00f3n.<\/p>\n","protected":false},"excerpt":{"rendered":"<p>Desde la Direcci\u00f3n de Seguridad VCP se informa que con motivo de la celebraci\u00f3n de la Semana Santa, este viernes 7 de abril a las 19:30hs se ver\u00e1 restringido el tr\u00e1nsito vehicular en algunos sectores de la ciudad con motivo del V\u00eda Crucis. Desde la Direcci\u00f3n de Seguridad VCP se informa que con motivo de [&hellip;]<\/p>\n","protected":false},"author":1,"featured_media":3219,"comment_status":"closed","ping_status":"closed","sticky":false,"template":"","format":"standard","meta":{"footnotes":""},"categories":[69],"tags":[345],"class_list":["post-3212","post","type-post","status-publish","format-standard","has-post-thumbnail","hentry","category-noticias","tag-destacar"],"_links":{"self":[{"href":"https:\/\/www.nextmultimedio.com\/index.php?rest_route=\/wp\/v2\/posts\/3212","targetHints":{"allow":["GET"]}}],"collection":[{"href":"https:\/\/www.nextmultimedio.com\/index.php?rest_route=\/wp\/v2\/posts"}],"about":[{"href":"https:\/\/www.nextmultimedio.com\/index.php?rest_route=\/wp\/v2\/types\/post"}],"author":[{"embeddable":true,"href":"https:\/\/www.nextmultimedio.com\/index.php?rest_route=\/wp\/v2\/users\/1"}],"replies":[{"embeddable":true,"href":"https:\/\/www.nextmultimedio.com\/index.php?rest_route=%2Fwp%2Fv2%2Fcomments&post=3212"}],"version-history":[{"count":1,"href":"https:\/\/www.nextmultimedio.com\/index.php?rest_route=\/wp\/v2\/posts\/3212\/revisions"}],"predecessor-version":[{"id":3220,"href":"https:\/\/www.nextmultimedio.com\/index.php?rest_route=\/wp\/v2\/posts\/3212\/revisions\/3220"}],"wp:featuredmedia":[{"embeddable":true,"href":"https:\/\/www.nextmultimedio.com\/index.php?rest_route=\/wp\/v2\/media\/3219"}],"wp:attachment":[{"href":"https:\/\/www.nextmultimedio.com\/index.php?rest_route=%2Fwp%2Fv2%2Fmedia&parent=3212"}],"wp:term":[{"taxonomy":"category","embeddable":true,"href":"https:\/\/www.nextmultimedio.com\/index.php?rest_route=%2Fwp%2Fv2%2Fcategories&post=3212"},{"taxonomy":"post_tag","embeddable":true,"href":"https:\/\/www.nextmultimedio.com\/index.php?rest_route=%2Fwp%2Fv2%2Ftags&post=3212"}],"curies":[{"name":"wp","href":"https:\/\/api.w.org\/{rel}","templated":true}]}}