{"id":3175,"date":"2023-04-03T18:17:58","date_gmt":"2023-04-03T21:17:58","guid":{"rendered":"https:\/\/www.nextmultimedio.com\/?p=3175"},"modified":"2023-04-03T18:20:10","modified_gmt":"2023-04-03T21:20:10","slug":"semana-santa-en-carlos-paz-destino-san-javier-brindara-un-show-gratuito","status":"publish","type":"post","link":"https:\/\/www.nextmultimedio.com\/?p=3175","title":{"rendered":"SEMANA SANTA 2023:DESTINO SAN JAVIER BRINDAR\u00c1 UN SHOW GRATUITO"},"content":{"rendered":"\n<p><strong>Como parte de las actividades programadas para el pr\u00f3ximo fin de semana de Pascuas la&nbsp;banda musical argentina formada por Paolo Ragone, Franco Favini y Bruno Ragone se presentar\u00e1 en el Parque de Asistencia.<\/strong><\/p>\n\n\n<div class=\"wp-block-image\">\n<figure class=\"aligncenter size-full is-resized\"><img loading=\"lazy\" decoding=\"async\" src=\"https:\/\/www.nextmultimedio.com\/wp-content\/uploads\/2023\/04\/images-20-1.jpg\" alt=\"\" class=\"wp-image-3187\" width=\"465\" height=\"270\"\/><\/figure>\n<\/div>\n\n\n<p>Con motivo del fin de semana largo de Semana Santa se aguarda que miles de turistas visiten Villa Carlos Paz, posicionando nuevamente a nuestra ciudad como uno de los principales destinos tur\u00edsticos del pa\u00eds llegando a un 70 % de reservas hasta el momento.<\/p>\n\n\n\n<p>En este sentido la perla de punilla se prepara con numerosas actividades culturales, circuitos hist\u00f3ricos y religiosos, shows al aire libre, una nutrida cartelera teatral de primer nivel y paseos cl\u00e1sicos para esta fecha como el v\u00eda crucis al cerro La Cruz el viernes santo.<\/p>\n\n\n\n<p>DESTINO SAN JAVIER SE PRESENTAR\u00c1 CON UN SHOW GRATUITO PARA TODA LA FAMILIA<\/p>\n\n\n\n<p>La banda argentina Destino San Javier realizar\u00e1 un show este s\u00e1bado a partir de las 20.30hs , adem\u00e1s el evento contar\u00e1 con la actuaci\u00f3n de bandas locales.<\/p>\n\n\n\n<p>Destino San Javier es grupo argentino de folclore, y la consecuencia de&nbsp;<a href=\"http:\/\/www.cmtv.com.ar\/biografia\/show.php?bnid=2472&amp;banda=Trio_San_Javier\">Tr\u00edo San Javier<\/a>.<\/p>\n\n\n\n<p>Franco Favini (Tucum\u00e1n, 9 de julio de 1973) y Bruno y Paolo Ragone (Tucum\u00e1n, 17 de abril de 1978 y 10 de marzo de 1982), hijos de Pedro Favini y Pepe Ragone, respectivamente, deciden mantener vivo el legado de sus padres y se re\u00fanen para reversionar con un estilo poco antes visto los \u00e9xitos que toda Argentina conoce; y tambi\u00e9n hacer sus temas propios. La idea surgi\u00f3 en 2012, ante el fallecimiento de Pedro.<\/p>\n\n\n\n<p>Comenzaron a presentarse en vivo en casi todos los rincones del pa\u00eds y su gran aceptaci\u00f3n hizo que el \u00e1lbum debut se haga realidad. Fueron ovacionados en el Festival de Jes\u00fas Mar\u00eda y en Monteros, Tucum\u00e1n.<\/p>\n","protected":false},"excerpt":{"rendered":"<p>Como parte de las actividades programadas para el pr\u00f3ximo fin de semana de Pascuas la&nbsp;banda musical argentina formada por Paolo Ragone, Franco Favini y Bruno Ragone se presentar\u00e1 en el Parque de Asistencia. Con motivo del fin de semana largo de Semana Santa se aguarda que miles de turistas visiten Villa Carlos Paz, posicionando nuevamente [&hellip;]<\/p>\n","protected":false},"author":1,"featured_media":3187,"comment_status":"closed","ping_status":"closed","sticky":false,"template":"","format":"standard","meta":{"footnotes":""},"categories":[69],"tags":[345],"class_list":["post-3175","post","type-post","status-publish","format-standard","has-post-thumbnail","hentry","category-noticias","tag-destacar"],"_links":{"self":[{"href":"https:\/\/www.nextmultimedio.com\/index.php?rest_route=\/wp\/v2\/posts\/3175","targetHints":{"allow":["GET"]}}],"collection":[{"href":"https:\/\/www.nextmultimedio.com\/index.php?rest_route=\/wp\/v2\/posts"}],"about":[{"href":"https:\/\/www.nextmultimedio.com\/index.php?rest_route=\/wp\/v2\/types\/post"}],"author":[{"embeddable":true,"href":"https:\/\/www.nextmultimedio.com\/index.php?rest_route=\/wp\/v2\/users\/1"}],"replies":[{"embeddable":true,"href":"https:\/\/www.nextmultimedio.com\/index.php?rest_route=%2Fwp%2Fv2%2Fcomments&post=3175"}],"version-history":[{"count":2,"href":"https:\/\/www.nextmultimedio.com\/index.php?rest_route=\/wp\/v2\/posts\/3175\/revisions"}],"predecessor-version":[{"id":3189,"href":"https:\/\/www.nextmultimedio.com\/index.php?rest_route=\/wp\/v2\/posts\/3175\/revisions\/3189"}],"wp:featuredmedia":[{"embeddable":true,"href":"https:\/\/www.nextmultimedio.com\/index.php?rest_route=\/wp\/v2\/media\/3187"}],"wp:attachment":[{"href":"https:\/\/www.nextmultimedio.com\/index.php?rest_route=%2Fwp%2Fv2%2Fmedia&parent=3175"}],"wp:term":[{"taxonomy":"category","embeddable":true,"href":"https:\/\/www.nextmultimedio.com\/index.php?rest_route=%2Fwp%2Fv2%2Fcategories&post=3175"},{"taxonomy":"post_tag","embeddable":true,"href":"https:\/\/www.nextmultimedio.com\/index.php?rest_route=%2Fwp%2Fv2%2Ftags&post=3175"}],"curies":[{"name":"wp","href":"https:\/\/api.w.org\/{rel}","templated":true}]}}