{"id":3157,"date":"2023-03-31T18:24:14","date_gmt":"2023-03-31T21:24:14","guid":{"rendered":"https:\/\/www.nextmultimedio.com\/?p=3157"},"modified":"2023-03-31T18:24:15","modified_gmt":"2023-03-31T21:24:15","slug":"carlos-paz-tendra-voto-electronico-para-los-comicios-provinciales","status":"publish","type":"post","link":"https:\/\/www.nextmultimedio.com\/?p=3157","title":{"rendered":"CARLOS PAZ TENDR\u00c1 VOTO ELECTR\u00d3NICO PARA LOS COMICIOS PROVINCIALES"},"content":{"rendered":"\n<p><strong>El municipio pedir\u00e1 este sistema para las elecciones locales.<\/strong><\/p>\n\n\n<div class=\"wp-block-image\">\n<figure class=\"aligncenter size-full is-resized\"><img loading=\"lazy\" decoding=\"async\" src=\"https:\/\/www.nextmultimedio.com\/wp-content\/uploads\/2023\/03\/Municipalidad-Carlos-paz-800x500-1.jpg\" alt=\"\" class=\"wp-image-3165\" width=\"800\" height=\"500\" srcset=\"https:\/\/www.nextmultimedio.com\/wp-content\/uploads\/2023\/03\/Municipalidad-Carlos-paz-800x500-1.jpg 800w, https:\/\/www.nextmultimedio.com\/wp-content\/uploads\/2023\/03\/Municipalidad-Carlos-paz-800x500-1-300x188.jpg 300w, https:\/\/www.nextmultimedio.com\/wp-content\/uploads\/2023\/03\/Municipalidad-Carlos-paz-800x500-1-768x480.jpg 768w, https:\/\/www.nextmultimedio.com\/wp-content\/uploads\/2023\/03\/Municipalidad-Carlos-paz-800x500-1-95x60.jpg 95w\" sizes=\"auto, (max-width: 800px) 100vw, 800px\" \/><\/figure>\n<\/div>\n\n\n<p>En el marco del Decreto 320\/23 emitido por la Justicia Electoral de C\u00f3rdoba, que dispone que el pr\u00f3ximo 25 de junio Villa Carlos Paz utilice el sistema de voto electr\u00f3nico para la elecci\u00f3n provincial, el Municipio girar\u00e1 al Concejo de Representantes un proyecto de ordenanza para adherir a este mecanismo electr\u00f3nico tambi\u00e9n en la elecci\u00f3n local.<\/p>\n\n\n\n<p>De esta manera se utilizar\u00e1 el sistema de voto electr\u00f3nico para las pr\u00f3ximas elecciones municipales donde se elegir\u00e1n Intendente, Concejales y Tribunos de Cuentas.<\/p>\n\n\n\n<p>En este marco, este sistema permitir\u00e1 garantizar la voluntad de los electores y la autonom\u00eda municipal en el proceso con tramos diferenciados, el provincial por un lado y el municipal por otro, conforme a la finalidad&nbsp; de la Carta Org\u00e1nica y de la Ordenanza 6948.<\/p>\n\n\n\n<p>Esta decisi\u00f3n del Municipio permitir\u00e1 simultaneidad en la votaci\u00f3n, transparencia, mayor accesibilidad y comodidad para el vecino y un importante ahorro econ\u00f3mico para las finanzas p\u00fablicas municipales.<\/p>\n","protected":false},"excerpt":{"rendered":"<p>El municipio pedir\u00e1 este sistema para las elecciones locales. En el marco del Decreto 320\/23 emitido por la Justicia Electoral de C\u00f3rdoba, que dispone que el pr\u00f3ximo 25 de junio Villa Carlos Paz utilice el sistema de voto electr\u00f3nico para la elecci\u00f3n provincial, el Municipio girar\u00e1 al Concejo de Representantes un proyecto de ordenanza para [&hellip;]<\/p>\n","protected":false},"author":1,"featured_media":3165,"comment_status":"closed","ping_status":"closed","sticky":false,"template":"","format":"standard","meta":{"footnotes":""},"categories":[69],"tags":[345],"class_list":["post-3157","post","type-post","status-publish","format-standard","has-post-thumbnail","hentry","category-noticias","tag-destacar"],"_links":{"self":[{"href":"https:\/\/www.nextmultimedio.com\/index.php?rest_route=\/wp\/v2\/posts\/3157","targetHints":{"allow":["GET"]}}],"collection":[{"href":"https:\/\/www.nextmultimedio.com\/index.php?rest_route=\/wp\/v2\/posts"}],"about":[{"href":"https:\/\/www.nextmultimedio.com\/index.php?rest_route=\/wp\/v2\/types\/post"}],"author":[{"embeddable":true,"href":"https:\/\/www.nextmultimedio.com\/index.php?rest_route=\/wp\/v2\/users\/1"}],"replies":[{"embeddable":true,"href":"https:\/\/www.nextmultimedio.com\/index.php?rest_route=%2Fwp%2Fv2%2Fcomments&post=3157"}],"version-history":[{"count":1,"href":"https:\/\/www.nextmultimedio.com\/index.php?rest_route=\/wp\/v2\/posts\/3157\/revisions"}],"predecessor-version":[{"id":3166,"href":"https:\/\/www.nextmultimedio.com\/index.php?rest_route=\/wp\/v2\/posts\/3157\/revisions\/3166"}],"wp:featuredmedia":[{"embeddable":true,"href":"https:\/\/www.nextmultimedio.com\/index.php?rest_route=\/wp\/v2\/media\/3165"}],"wp:attachment":[{"href":"https:\/\/www.nextmultimedio.com\/index.php?rest_route=%2Fwp%2Fv2%2Fmedia&parent=3157"}],"wp:term":[{"taxonomy":"category","embeddable":true,"href":"https:\/\/www.nextmultimedio.com\/index.php?rest_route=%2Fwp%2Fv2%2Fcategories&post=3157"},{"taxonomy":"post_tag","embeddable":true,"href":"https:\/\/www.nextmultimedio.com\/index.php?rest_route=%2Fwp%2Fv2%2Ftags&post=3157"}],"curies":[{"name":"wp","href":"https:\/\/api.w.org\/{rel}","templated":true}]}}