{"id":3143,"date":"2023-03-29T18:15:41","date_gmt":"2023-03-29T21:15:41","guid":{"rendered":"https:\/\/www.nextmultimedio.com\/?p=3143"},"modified":"2023-03-29T18:15:42","modified_gmt":"2023-03-29T21:15:42","slug":"servicio-de-agua-potable-se-realiza-recambio-de-caneria-troncal","status":"publish","type":"post","link":"https:\/\/www.nextmultimedio.com\/?p=3143","title":{"rendered":"SERVICIO DE AGUA POTABLE: SE REALIZA RECAMBIO DE CA\u00d1ER\u00cdA TRONCAL"},"content":{"rendered":"\n<p><strong>Se trata de 100 metros de ca\u00f1er\u00eda de un di\u00e1metro de 250 mil\u00edmetros en calle Asunci\u00f3n.<\/strong><\/p>\n\n\n\n<figure class=\"wp-block-image size-large\"><img loading=\"lazy\" decoding=\"async\" width=\"768\" height=\"1024\" src=\"https:\/\/www.nextmultimedio.com\/wp-content\/uploads\/2023\/03\/aguarecambio-768x1024.jpg\" alt=\"\" class=\"wp-image-3144\" srcset=\"https:\/\/www.nextmultimedio.com\/wp-content\/uploads\/2023\/03\/aguarecambio-768x1024.jpg 768w, https:\/\/www.nextmultimedio.com\/wp-content\/uploads\/2023\/03\/aguarecambio-225x300.jpg 225w, https:\/\/www.nextmultimedio.com\/wp-content\/uploads\/2023\/03\/aguarecambio.jpg 780w\" sizes=\"auto, (max-width: 768px) 100vw, 768px\" \/><\/figure>\n\n\n\n<p>La Subsecretar\u00eda de Agua y Saneamiento informa a los vecinos, que se realizan tareas de recambio de ca\u00f1er\u00eda troncal de abastecimiento en calle Asunci\u00f3n, entre las calles Arturo Illia y 9 de julio. Se trata de 100 metros de ca\u00f1er\u00eda de un di\u00e1metro de 250 mil\u00edmetros que permitir\u00e1 un mejor funcionamiento del servicio en todo el sector. Esta ca\u00f1er\u00eda abastece a los barrios Becci\u00fa, Villa del Lago y Villa Suiza.<\/p>\n\n\n\n<p>Las tareas obedecen a roturas y falta de mantenimiento durante d\u00e9cadas, mientras el servicio estaba en manos de la anterior prestataria. En las pr\u00f3ximas horas, el mismo se restablecer\u00e1 con normalidad.<\/p>\n\n\n\n<p>Recordamos a los vecinos que por reclamos o consultas del Servicio de Agua Potable pueden comunicarse al 436430 o enviar un mensaje de whatsapp al 3541528314.<\/p>\n","protected":false},"excerpt":{"rendered":"<p>Se trata de 100 metros de ca\u00f1er\u00eda de un di\u00e1metro de 250 mil\u00edmetros en calle Asunci\u00f3n. La Subsecretar\u00eda de Agua y Saneamiento informa a los vecinos, que se realizan tareas de recambio de ca\u00f1er\u00eda troncal de abastecimiento en calle Asunci\u00f3n, entre las calles Arturo Illia y 9 de julio. Se trata de 100 metros de [&hellip;]<\/p>\n","protected":false},"author":1,"featured_media":3144,"comment_status":"closed","ping_status":"closed","sticky":false,"template":"","format":"standard","meta":{"footnotes":""},"categories":[69],"tags":[345],"class_list":["post-3143","post","type-post","status-publish","format-standard","has-post-thumbnail","hentry","category-noticias","tag-destacar"],"_links":{"self":[{"href":"https:\/\/www.nextmultimedio.com\/index.php?rest_route=\/wp\/v2\/posts\/3143","targetHints":{"allow":["GET"]}}],"collection":[{"href":"https:\/\/www.nextmultimedio.com\/index.php?rest_route=\/wp\/v2\/posts"}],"about":[{"href":"https:\/\/www.nextmultimedio.com\/index.php?rest_route=\/wp\/v2\/types\/post"}],"author":[{"embeddable":true,"href":"https:\/\/www.nextmultimedio.com\/index.php?rest_route=\/wp\/v2\/users\/1"}],"replies":[{"embeddable":true,"href":"https:\/\/www.nextmultimedio.com\/index.php?rest_route=%2Fwp%2Fv2%2Fcomments&post=3143"}],"version-history":[{"count":1,"href":"https:\/\/www.nextmultimedio.com\/index.php?rest_route=\/wp\/v2\/posts\/3143\/revisions"}],"predecessor-version":[{"id":3145,"href":"https:\/\/www.nextmultimedio.com\/index.php?rest_route=\/wp\/v2\/posts\/3143\/revisions\/3145"}],"wp:featuredmedia":[{"embeddable":true,"href":"https:\/\/www.nextmultimedio.com\/index.php?rest_route=\/wp\/v2\/media\/3144"}],"wp:attachment":[{"href":"https:\/\/www.nextmultimedio.com\/index.php?rest_route=%2Fwp%2Fv2%2Fmedia&parent=3143"}],"wp:term":[{"taxonomy":"category","embeddable":true,"href":"https:\/\/www.nextmultimedio.com\/index.php?rest_route=%2Fwp%2Fv2%2Fcategories&post=3143"},{"taxonomy":"post_tag","embeddable":true,"href":"https:\/\/www.nextmultimedio.com\/index.php?rest_route=%2Fwp%2Fv2%2Ftags&post=3143"}],"curies":[{"name":"wp","href":"https:\/\/api.w.org\/{rel}","templated":true}]}}