{"id":2962,"date":"2023-03-10T18:24:25","date_gmt":"2023-03-10T21:24:25","guid":{"rendered":"https:\/\/www.nextmultimedio.com\/?p=2962"},"modified":"2023-03-10T18:24:26","modified_gmt":"2023-03-10T21:24:26","slug":"semana-de-la-mujer-reconocimiento-a-mujeres-trabajadoras-de-la-educacion-de-la-ciudad","status":"publish","type":"post","link":"https:\/\/www.nextmultimedio.com\/?p=2962","title":{"rendered":"<strong>SEMANA DE LA MUJER: RECONOCIMIENTO A MUJERES TRABAJADORAS DE LA EDUCACI\u00d3N DE LA CIUDAD<\/strong>"},"content":{"rendered":"\n<p><strong>Esta ma\u00f1ana se realiz\u00f3 un nuevo reconocimiento a mujeres trabajadoras de nuestra ciudad, en esta oportunidad estuvieron presentes mujeres del \u00e1mbito de la educaci\u00f3n que representan a todas las instituciones educativas de Villa Carlos Paz.<\/strong><\/p>\n\n\n\n<figure class=\"wp-block-image size-large\"><img loading=\"lazy\" decoding=\"async\" width=\"1024\" height=\"682\" src=\"https:\/\/www.nextmultimedio.com\/wp-content\/uploads\/2023\/03\/mujerr09-1024x682.jpg\" alt=\"\" class=\"wp-image-2963\" srcset=\"https:\/\/www.nextmultimedio.com\/wp-content\/uploads\/2023\/03\/mujerr09-1024x682.jpg 1024w, https:\/\/www.nextmultimedio.com\/wp-content\/uploads\/2023\/03\/mujerr09-300x200.jpg 300w, https:\/\/www.nextmultimedio.com\/wp-content\/uploads\/2023\/03\/mujerr09-768x512.jpg 768w, https:\/\/www.nextmultimedio.com\/wp-content\/uploads\/2023\/03\/mujerr09-1536x1023.jpg 1536w, https:\/\/www.nextmultimedio.com\/wp-content\/uploads\/2023\/03\/mujerr09.jpg 1600w\" sizes=\"auto, (max-width: 1024px) 100vw, 1024px\" \/><\/figure>\n\n\n\n<p><\/p>\n\n\n\n<p>En la ma\u00f1ana de hoy se llev\u00f3 a cabo en Parque Estancia La Quinta una nueva jornada dedicada a destacar la labor de mujeres que trabajan incansablemente en nuestra ciudad.<\/p>\n\n\n\n<p>En esta ocasi\u00f3n, cada escuela eligi\u00f3 una representante por su labor, esfuerzo y constancia en la instituci\u00f3n educativa .<\/p>\n\n\n\n<p>En la jornada docentes, ex docentes, directivas, personal de maestranza y miembros de las Cooperadoras fueron agasajadas.<\/p>\n\n\n\n<p>El Intendente y dem\u00e1s autoridades brindaron unas c\u00e1lidas palabras y compartieron un desayuno con estas valiosas mujeres de la villa y les entregaron un certificado.<\/p>\n\n\n\n<p>Cabe destacar que el Penke Pereyra le puso m\u00fasica a este homenaje.<\/p>\n\n\n\n<p>&#8220;Estoy muy agradecida y emocionada gracias a la gente de la Municipalidad , el intendente, Alejandra Rold\u00e1n y a las directoras de mi escuela por este reconocimiento&#8221; expres\u00f3 con l\u00e1grimas en los ojos y una sonrisa Gricelda que con sus 80 a\u00f1os contin\u00faa colaborando en la Cooperadora de la escuela Manuel Belgrano y trabajando en la cantina de esa escuela.<\/p>\n\n\n\n<figure class=\"wp-block-image size-large\"><img loading=\"lazy\" decoding=\"async\" width=\"1024\" height=\"682\" src=\"https:\/\/www.nextmultimedio.com\/wp-content\/uploads\/2023\/03\/mujerr01-1024x682.jpg\" alt=\"\" class=\"wp-image-2965\" srcset=\"https:\/\/www.nextmultimedio.com\/wp-content\/uploads\/2023\/03\/mujerr01-1024x682.jpg 1024w, https:\/\/www.nextmultimedio.com\/wp-content\/uploads\/2023\/03\/mujerr01-300x200.jpg 300w, https:\/\/www.nextmultimedio.com\/wp-content\/uploads\/2023\/03\/mujerr01-768x512.jpg 768w, https:\/\/www.nextmultimedio.com\/wp-content\/uploads\/2023\/03\/mujerr01-1536x1023.jpg 1536w, https:\/\/www.nextmultimedio.com\/wp-content\/uploads\/2023\/03\/mujerr01.jpg 1600w\" sizes=\"auto, (max-width: 1024px) 100vw, 1024px\" \/><\/figure>\n\n\n","protected":false},"excerpt":{"rendered":"<p>Esta ma\u00f1ana se realiz\u00f3 un nuevo reconocimiento a mujeres trabajadoras de nuestra ciudad, en esta oportunidad estuvieron presentes mujeres del \u00e1mbito de la educaci\u00f3n que representan a todas las instituciones educativas de Villa Carlos Paz. En la ma\u00f1ana de hoy se llev\u00f3 a cabo en Parque Estancia La Quinta una nueva jornada dedicada a destacar [&hellip;]<\/p>\n","protected":false},"author":1,"featured_media":2963,"comment_status":"closed","ping_status":"closed","sticky":false,"template":"","format":"standard","meta":{"footnotes":""},"categories":[69],"tags":[345],"class_list":["post-2962","post","type-post","status-publish","format-standard","has-post-thumbnail","hentry","category-noticias","tag-destacar"],"_links":{"self":[{"href":"https:\/\/www.nextmultimedio.com\/index.php?rest_route=\/wp\/v2\/posts\/2962","targetHints":{"allow":["GET"]}}],"collection":[{"href":"https:\/\/www.nextmultimedio.com\/index.php?rest_route=\/wp\/v2\/posts"}],"about":[{"href":"https:\/\/www.nextmultimedio.com\/index.php?rest_route=\/wp\/v2\/types\/post"}],"author":[{"embeddable":true,"href":"https:\/\/www.nextmultimedio.com\/index.php?rest_route=\/wp\/v2\/users\/1"}],"replies":[{"embeddable":true,"href":"https:\/\/www.nextmultimedio.com\/index.php?rest_route=%2Fwp%2Fv2%2Fcomments&post=2962"}],"version-history":[{"count":1,"href":"https:\/\/www.nextmultimedio.com\/index.php?rest_route=\/wp\/v2\/posts\/2962\/revisions"}],"predecessor-version":[{"id":2967,"href":"https:\/\/www.nextmultimedio.com\/index.php?rest_route=\/wp\/v2\/posts\/2962\/revisions\/2967"}],"wp:featuredmedia":[{"embeddable":true,"href":"https:\/\/www.nextmultimedio.com\/index.php?rest_route=\/wp\/v2\/media\/2963"}],"wp:attachment":[{"href":"https:\/\/www.nextmultimedio.com\/index.php?rest_route=%2Fwp%2Fv2%2Fmedia&parent=2962"}],"wp:term":[{"taxonomy":"category","embeddable":true,"href":"https:\/\/www.nextmultimedio.com\/index.php?rest_route=%2Fwp%2Fv2%2Fcategories&post=2962"},{"taxonomy":"post_tag","embeddable":true,"href":"https:\/\/www.nextmultimedio.com\/index.php?rest_route=%2Fwp%2Fv2%2Ftags&post=2962"}],"curies":[{"name":"wp","href":"https:\/\/api.w.org\/{rel}","templated":true}]}}