{"id":2594,"date":"2023-02-03T18:46:46","date_gmt":"2023-02-03T21:46:46","guid":{"rendered":"https:\/\/www.nextmultimedio.com\/?p=2594"},"modified":"2023-02-03T18:48:36","modified_gmt":"2023-02-03T21:48:36","slug":"__trashed","status":"publish","type":"post","link":"https:\/\/www.nextmultimedio.com\/?p=2594","title":{"rendered":"ILUMINA: BARRIO ALTOS DEL VALLE 100% ILUMINADO"},"content":{"rendered":"\n<p><strong>El Programa VCP Ilumina que lleva adelante el Municipio de Villa Carlos Paz contin\u00faa avanzando, y en el plazo de un a\u00f1o la ciudad se encontrar\u00e1 totalmente iluminada con el recambio de luces por tecnolog\u00eda LED.<\/strong><\/p>\n\n\n\n<p><\/p>\n\n\n\n<figure class=\"wp-block-image size-large\"><img loading=\"lazy\" decoding=\"async\" width=\"1024\" height=\"682\" src=\"https:\/\/www.nextmultimedio.com\/wp-content\/uploads\/2023\/02\/vcpiluminaaltosdelvalle02-1024x682.jpg\" alt=\"\" class=\"wp-image-2595\" srcset=\"https:\/\/www.nextmultimedio.com\/wp-content\/uploads\/2023\/02\/vcpiluminaaltosdelvalle02-1024x682.jpg 1024w, https:\/\/www.nextmultimedio.com\/wp-content\/uploads\/2023\/02\/vcpiluminaaltosdelvalle02-300x200.jpg 300w, https:\/\/www.nextmultimedio.com\/wp-content\/uploads\/2023\/02\/vcpiluminaaltosdelvalle02-768x511.jpg 768w, https:\/\/www.nextmultimedio.com\/wp-content\/uploads\/2023\/02\/vcpiluminaaltosdelvalle02-1536x1022.jpg 1536w, https:\/\/www.nextmultimedio.com\/wp-content\/uploads\/2023\/02\/vcpiluminaaltosdelvalle02.jpg 1600w\" sizes=\"auto, (max-width: 1024px) 100vw, 1024px\" \/><\/figure>\n\n\n\n<p><\/p>\n\n\n\n<p>El Programa&nbsp; VCP Ilumina que lleva adelante el Municipio de Villa Carlos Paz contin\u00faa avanzando, <\/p>\n\n\n\n<p>En esta oportunidad  se realiz\u00f3 el&nbsp;recambio y la colocaci\u00f3n de nuevas luminarias LED en la totalidad del barrio Altos del Valle, que ya cuenta con esta nueva tecnolog\u00eda en todo el sector.<\/p>\n\n\n\n<p>Los ingresos educativos a la Escuela Primaria Eva Duarte, el Jard\u00edn de Infantes Mar\u00eda Elena Walsh, al IPET N\u00b0382 e instituciones se encuentran especialmente iluminados con esta tecnolog\u00eda LED. Adem\u00e1s, en el barrio est\u00e1n ubicados espacios p\u00fablicos de gran uso recreativo de los vecinos que ya est\u00e1n con iluminaci\u00f3n Led, del mismo modo que la totalidad del barrio.<\/p>\n\n\n\n<p>Esta nueva tecnolog\u00eda contribuye a la seguridad del sector para los vecinos y las instituciones del lugar, para peatones y los veh\u00edculos que circulan en el barrio.<\/p>\n\n\n\n<p>\u201cEn todo el barrio estamos muy contentos con las nuevas luminarias, es un proyecto que trabajamos con el Municipio y todos los Centros Vecinales unidos, con el objetivo de que se lleve adelante el recambio de las luminarias en todos los barrios de la ciudad\u201d, coment\u00f3 la Presidenta del Centro Vecinal Gabriela Molina.<\/p>\n\n\n\n<p>\u201cEstamos en Altos del Valle, con una actividad muy importante para todos los vecinos como es el recambio de luminarias en el marco del programa VCP Ilumina y a trav\u00e9s del cual vamos a renovar las luces led en toda la ciudad\u201d, afirm\u00f3 el Intendente Daniel G\u00f3mez Gesteira.<\/p>\n\n\n\n<p><\/p>\n","protected":false},"excerpt":{"rendered":"<p>El Programa VCP Ilumina que lleva adelante el Municipio de Villa Carlos Paz contin\u00faa avanzando, y en el plazo de un a\u00f1o la ciudad se encontrar\u00e1 totalmente iluminada con el recambio de luces por tecnolog\u00eda LED. El Programa&nbsp; VCP Ilumina que lleva adelante el Municipio de Villa Carlos Paz contin\u00faa avanzando, En esta oportunidad se [&hellip;]<\/p>\n","protected":false},"author":1,"featured_media":2595,"comment_status":"open","ping_status":"open","sticky":false,"template":"","format":"standard","meta":{"footnotes":""},"categories":[69,1],"tags":[],"class_list":["post-2594","post","type-post","status-publish","format-standard","has-post-thumbnail","hentry","category-noticias","category-sincategoria"],"_links":{"self":[{"href":"https:\/\/www.nextmultimedio.com\/index.php?rest_route=\/wp\/v2\/posts\/2594","targetHints":{"allow":["GET"]}}],"collection":[{"href":"https:\/\/www.nextmultimedio.com\/index.php?rest_route=\/wp\/v2\/posts"}],"about":[{"href":"https:\/\/www.nextmultimedio.com\/index.php?rest_route=\/wp\/v2\/types\/post"}],"author":[{"embeddable":true,"href":"https:\/\/www.nextmultimedio.com\/index.php?rest_route=\/wp\/v2\/users\/1"}],"replies":[{"embeddable":true,"href":"https:\/\/www.nextmultimedio.com\/index.php?rest_route=%2Fwp%2Fv2%2Fcomments&post=2594"}],"version-history":[{"count":3,"href":"https:\/\/www.nextmultimedio.com\/index.php?rest_route=\/wp\/v2\/posts\/2594\/revisions"}],"predecessor-version":[{"id":2598,"href":"https:\/\/www.nextmultimedio.com\/index.php?rest_route=\/wp\/v2\/posts\/2594\/revisions\/2598"}],"wp:featuredmedia":[{"embeddable":true,"href":"https:\/\/www.nextmultimedio.com\/index.php?rest_route=\/wp\/v2\/media\/2595"}],"wp:attachment":[{"href":"https:\/\/www.nextmultimedio.com\/index.php?rest_route=%2Fwp%2Fv2%2Fmedia&parent=2594"}],"wp:term":[{"taxonomy":"category","embeddable":true,"href":"https:\/\/www.nextmultimedio.com\/index.php?rest_route=%2Fwp%2Fv2%2Fcategories&post=2594"},{"taxonomy":"post_tag","embeddable":true,"href":"https:\/\/www.nextmultimedio.com\/index.php?rest_route=%2Fwp%2Fv2%2Ftags&post=2594"}],"curies":[{"name":"wp","href":"https:\/\/api.w.org\/{rel}","templated":true}]}}