{"id":15918,"date":"2026-09-04T17:31:08","date_gmt":"2026-09-04T20:31:08","guid":{"rendered":"https:\/\/www.nextmultimedio.com\/?p=15918"},"modified":"2026-09-04T17:31:09","modified_gmt":"2026-09-04T20:31:09","slug":"comenzaron-las-preinscripciones-para-finalizar-los-estudios-secundarios-de-deudores-de-materias-en-la-provincia","status":"publish","type":"post","link":"https:\/\/www.nextmultimedio.com\/?p=15918","title":{"rendered":"COMENZARON LAS PREINSCRIPCIONES PARA FINALIZAR LOS ESTUDIOS SECUNDARIOS DE DEUDORES DE MATERIAS EN LA PROVINCIA"},"content":{"rendered":"\n<p class=\"wp-block-paragraph\">Se trata del Plan nacional de Finalizaci\u00f3n de Estudios Secundarios para J\u00f3venes y Adultos (FinES).<\/p>\n\n\n\n<p class=\"wp-block-paragraph\">El Ministerio de Educaci\u00f3n de la provincia de C\u00f3rdoba, a trav\u00e9s de la Direcci\u00f3n General de Educaci\u00f3n de J\u00f3venes y Adultos, informa que ya comenzaron las preinscripciones 2026 del Plan nacional de Finalizaci\u00f3n de Estudios Secundarios para J\u00f3venes y Adultos (FinES), para las\/os interesadas\/os radicadas\/os en territorio cordob\u00e9s.<\/p>\n\n\n\n<p class=\"wp-block-paragraph\">La nueva edici\u00f3n del Plan de Finalizaci\u00f3n de Estudios Primarios y Secundarios para J\u00f3venes y Adultos (FinEs), est\u00e1 destinado a completar la educaci\u00f3n secundaria de quienes hayan concluido en forma regular el \u00faltimo a\u00f1o de ese nivel, pero adeudan materias para su finalizaci\u00f3n.<\/p>\n\n\n\n<p class=\"wp-block-paragraph\">FinEs habilita que las y los estudiantes puedan rendir asignaturas de cualquier a\u00f1o y equivalencias, tanto en este plan como en su escuela de origen, siempre que el domicilio actual de la\/el aspirante est\u00e9 en la provincia de C\u00f3rdoba<\/p>\n\n\n\n<p class=\"wp-block-paragraph\">En la l\u00ednea deudores de materias de esta nueva edici\u00f3n podr\u00e1n inscribirse quienes cumplan los siguientes requisitos:<\/p>\n\n\n\n<p class=\"wp-block-paragraph\">Tener 18 a\u00f1os o m\u00e1s<\/p>\n\n\n\n<p class=\"wp-block-paragraph\">Haber finalizado los estudios secundarios de manera regular en el a\u00f1o 2024 o anteriores y adeudar materias<\/p>\n\n\n\n<p class=\"wp-block-paragraph\">Tener domicilio en la provincia de C\u00f3rdoba<\/p>\n\n\n\n<p class=\"wp-block-paragraph\">No pertenecer a escuelas t\u00e9cnicas (cualquiera sea la orientaci\u00f3n)<\/p>\n\n\n\n<p class=\"wp-block-paragraph\">No estar preinscripta\/o en el Plan Terminalidad@Cba<\/p>\n\n\n\n<p class=\"wp-block-paragraph\">Las preinscripciones se llevar\u00e1n a cabo del 3\/09\/26 al 20\/09\/26 en el siguiente enlace: <a href=\"https:\/\/l.facebook.com\/l.php?u=https%3A%2F%2Fbit.ly%2FFinEs2026%3Ffbclid%3DIwcGRvZgVleHRuA2FlbQIxMABicmlkETFUOGVPNDdOczhYcHBQbUR4c3J0YwZhcHBfaWQQMjIyMDM5MTc4ODIwMDg5MgABHl54ORFWqJ0AbKv2syNv32j2vusvjc3OKpGUHRqAslp7zTTkIu1sFXXeDoqm_aem_meefzCkJA94Bhh3CqPBX7g&amp;h=AUD30o-CE9FfCIEx30s7uwPIaMMvWkBMw790ngb-Gtrw_MyGDHKpS2FOAESJyMk5pvQUgG9UGaelXXADyc5B58vwlNur8Fu23uhB2WxSXjcVHjLetfPEpgqDP2jUXO8aLgLy-fFkkw5S2Q&amp;__tn__=-UK-R&amp;c[0]=AUA9Re-lTq2vX9dPFUPgahzwWySD2gJYVdY2RiE0Dad1Q1vtptxjYL1atTvxTV4Df7HKE7VaYdskaotOOZ3-DFpuwlBkcZGjI5QyR2pwiJvsC2dV2k8-jrBiQwpeueHR6jEOnOyO_-QrGdx0ihjUzVfbzEHh77W-kmMDf4c6LIy50E6MnZzHD6MPGyzURFk5OgB8WQGBYPYyJeKSUAGJksGubA\" rel=\"noreferrer noopener\" target=\"_blank\">bit.ly\/FinEs2026<\/a><\/p>\n\n\n\n<p class=\"wp-block-paragraph\"><img loading=\"lazy\" decoding=\"async\" height=\"16\" width=\"16\" src=\"https:\/\/static.xx.fbcdn.net\/images\/emoji.php\/v9\/t2d\/1\/16\/1f4cd.png\" alt=\"\ud83d\udccd\"> Por cualquier duda o consulta, pod\u00e9s escribir a: plan.fines@me.cba.gov.ar \/ planfines.cordoba@gmail.com o podr\u00e1n consultar en Av. Col\u00f3n 778 \u2013 Planta Baja \u2013 Ciudad de C\u00f3rdoba, o bien llamar al Tel: (0351) 4462400 \u2013 Int. 2616, en el horario de 08.00 a 18.00 <\/p>\n\n\n\n<figure class=\"wp-block-image size-full\"><img loading=\"lazy\" decoding=\"async\" width=\"526\" height=\"526\" src=\"https:\/\/www.nextmultimedio.com\/wp-content\/uploads\/2026\/09\/image-11.jpeg\" alt=\"\" class=\"wp-image-15919\" srcset=\"https:\/\/www.nextmultimedio.com\/wp-content\/uploads\/2026\/09\/image-11.jpeg 526w, https:\/\/www.nextmultimedio.com\/wp-content\/uploads\/2026\/09\/image-11-300x300.jpeg 300w\" sizes=\"auto, (max-width: 526px) 100vw, 526px\" \/><\/figure>\n","protected":false},"excerpt":{"rendered":"<p>Se trata del Plan nacional de Finalizaci\u00f3n de Estudios Secundarios para J\u00f3venes y Adultos (FinES). El Ministerio de Educaci\u00f3n de la provincia de C\u00f3rdoba, a trav\u00e9s de la Direcci\u00f3n General de Educaci\u00f3n de J\u00f3venes y Adultos, informa que ya comenzaron las preinscripciones 2026 del Plan nacional de Finalizaci\u00f3n de Estudios Secundarios para J\u00f3venes y Adultos [&hellip;]<\/p>\n","protected":false},"author":1,"featured_media":15919,"comment_status":"closed","ping_status":"closed","sticky":false,"template":"","format":"standard","meta":{"footnotes":""},"categories":[69],"tags":[345],"class_list":["post-15918","post","type-post","status-publish","format-standard","has-post-thumbnail","hentry","category-noticias","tag-destacar"],"_links":{"self":[{"href":"https:\/\/www.nextmultimedio.com\/index.php?rest_route=\/wp\/v2\/posts\/15918","targetHints":{"allow":["GET"]}}],"collection":[{"href":"https:\/\/www.nextmultimedio.com\/index.php?rest_route=\/wp\/v2\/posts"}],"about":[{"href":"https:\/\/www.nextmultimedio.com\/index.php?rest_route=\/wp\/v2\/types\/post"}],"author":[{"embeddable":true,"href":"https:\/\/www.nextmultimedio.com\/index.php?rest_route=\/wp\/v2\/users\/1"}],"replies":[{"embeddable":true,"href":"https:\/\/www.nextmultimedio.com\/index.php?rest_route=%2Fwp%2Fv2%2Fcomments&post=15918"}],"version-history":[{"count":1,"href":"https:\/\/www.nextmultimedio.com\/index.php?rest_route=\/wp\/v2\/posts\/15918\/revisions"}],"predecessor-version":[{"id":15920,"href":"https:\/\/www.nextmultimedio.com\/index.php?rest_route=\/wp\/v2\/posts\/15918\/revisions\/15920"}],"wp:featuredmedia":[{"embeddable":true,"href":"https:\/\/www.nextmultimedio.com\/index.php?rest_route=\/wp\/v2\/media\/15919"}],"wp:attachment":[{"href":"https:\/\/www.nextmultimedio.com\/index.php?rest_route=%2Fwp%2Fv2%2Fmedia&parent=15918"}],"wp:term":[{"taxonomy":"category","embeddable":true,"href":"https:\/\/www.nextmultimedio.com\/index.php?rest_route=%2Fwp%2Fv2%2Fcategories&post=15918"},{"taxonomy":"post_tag","embeddable":true,"href":"https:\/\/www.nextmultimedio.com\/index.php?rest_route=%2Fwp%2Fv2%2Ftags&post=15918"}],"curies":[{"name":"wp","href":"https:\/\/api.w.org\/{rel}","templated":true}]}}