{"id":15907,"date":"2026-09-03T18:24:49","date_gmt":"2026-09-03T21:24:49","guid":{"rendered":"https:\/\/www.nextmultimedio.com\/?p=15907"},"modified":"2026-09-03T18:24:50","modified_gmt":"2026-09-03T21:24:50","slug":"carlos-paz-impulsa-su-identidad-nautica-con-el-campeonato-de-vela-ligera-este-fin-de-semana","status":"publish","type":"post","link":"https:\/\/www.nextmultimedio.com\/?p=15907","title":{"rendered":"CARLOS PAZ IMPULSA SU IDENTIDAD N\u00c1UTICA CON EL CAMPEONATO DE VELA LIGERA ESTE FIN DE SEMANA"},"content":{"rendered":"\n<p class=\"wp-block-paragraph\">En este momento lo que estamos presentando es el mes de la vela en el club. Lo llamamos el mes de la vela porque tenemos muchos eventos durante todo septiembre, empezando por la regata de la vela ligera. Tenemos justamente ahora el 5 y 6 de septiembre. La vela ligera involucra a todos los barcos m\u00e1s peque\u00f1os: los Optimist, las tablas Windsurfer, los Laser. Yo no ayudo a este tipo de regatas, que no es f\u00e1cil lograr organizarlas, pero bueno cada a\u00f1o que pasa se viene incrementando la cantidad de barcos que se inscriben en la misma regata. Lo bueno de esto es que corren todas las categor\u00edas, o sea, le da la posibilidad a todo aquel que tenga algo que flote de poder correr esa regata. Sin duda, sin duda. Este mes de la vela ahora en septiembre, la idea de promover distintos clases de veleros. El Optimist, por ejemplo, es para que tengan una idea, un karting al automovilismo. Es el velero m\u00e1s chiquito, pero que de ah\u00ed surgen los buenos. Por eso es que la intenci\u00f3n es fomentar ese tipo de clases, que despu\u00e9s van surgiendo ya timoneles para tablas de vela, para clases m\u00e1s grandes.<\/p>\n\n\n\n<figure class=\"wp-block-embed is-type-video is-provider-youtube wp-block-embed-youtube wp-embed-aspect-16-9 wp-has-aspect-ratio\"><div class=\"wp-block-embed__wrapper\">\n<iframe loading=\"lazy\" title=\"CARLOS PAZ IMPULSA SU IDENTIDAD N\u00c1UTICA CON EL CAMPEONATO DE VELA LIGERA ESTE FIN DE SEMANA\" width=\"620\" height=\"349\" src=\"https:\/\/www.youtube.com\/embed\/431O7_YjLQE?feature=oembed\" frameborder=\"0\" allow=\"accelerometer; autoplay; clipboard-write; encrypted-media; gyroscope; picture-in-picture; web-share\" referrerpolicy=\"strict-origin-when-cross-origin\" allowfullscreen><\/iframe>\n<\/div><\/figure>\n\n\n\n<p class=\"wp-block-paragraph\"><\/p>\n","protected":false},"excerpt":{"rendered":"<p>En este momento lo que estamos presentando es el mes de la vela en el club. Lo llamamos el mes de la vela porque tenemos muchos eventos durante todo septiembre, empezando por la regata de la vela ligera. Tenemos justamente ahora el 5 y 6 de septiembre. La vela ligera involucra a todos los barcos [&hellip;]<\/p>\n","protected":false},"author":1,"featured_media":15842,"comment_status":"closed","ping_status":"closed","sticky":false,"template":"","format":"standard","meta":{"footnotes":""},"categories":[69],"tags":[345],"class_list":["post-15907","post","type-post","status-publish","format-standard","has-post-thumbnail","hentry","category-noticias","tag-destacar"],"_links":{"self":[{"href":"https:\/\/www.nextmultimedio.com\/index.php?rest_route=\/wp\/v2\/posts\/15907","targetHints":{"allow":["GET"]}}],"collection":[{"href":"https:\/\/www.nextmultimedio.com\/index.php?rest_route=\/wp\/v2\/posts"}],"about":[{"href":"https:\/\/www.nextmultimedio.com\/index.php?rest_route=\/wp\/v2\/types\/post"}],"author":[{"embeddable":true,"href":"https:\/\/www.nextmultimedio.com\/index.php?rest_route=\/wp\/v2\/users\/1"}],"replies":[{"embeddable":true,"href":"https:\/\/www.nextmultimedio.com\/index.php?rest_route=%2Fwp%2Fv2%2Fcomments&post=15907"}],"version-history":[{"count":1,"href":"https:\/\/www.nextmultimedio.com\/index.php?rest_route=\/wp\/v2\/posts\/15907\/revisions"}],"predecessor-version":[{"id":15908,"href":"https:\/\/www.nextmultimedio.com\/index.php?rest_route=\/wp\/v2\/posts\/15907\/revisions\/15908"}],"wp:featuredmedia":[{"embeddable":true,"href":"https:\/\/www.nextmultimedio.com\/index.php?rest_route=\/wp\/v2\/media\/15842"}],"wp:attachment":[{"href":"https:\/\/www.nextmultimedio.com\/index.php?rest_route=%2Fwp%2Fv2%2Fmedia&parent=15907"}],"wp:term":[{"taxonomy":"category","embeddable":true,"href":"https:\/\/www.nextmultimedio.com\/index.php?rest_route=%2Fwp%2Fv2%2Fcategories&post=15907"},{"taxonomy":"post_tag","embeddable":true,"href":"https:\/\/www.nextmultimedio.com\/index.php?rest_route=%2Fwp%2Fv2%2Ftags&post=15907"}],"curies":[{"name":"wp","href":"https:\/\/api.w.org\/{rel}","templated":true}]}}