{"id":15904,"date":"2026-09-03T17:57:14","date_gmt":"2026-09-03T20:57:14","guid":{"rendered":"https:\/\/www.nextmultimedio.com\/?p=15904"},"modified":"2026-09-03T17:57:16","modified_gmt":"2026-09-03T20:57:16","slug":"la-provincia-abre-las-inscripciones-para-25-cursos-virtuales-de-formacion-laboral","status":"publish","type":"post","link":"https:\/\/www.nextmultimedio.com\/?p=15904","title":{"rendered":"LA PROVINCIA ABRE LAS INSCRIPCIONES PARA 25 CURSOS VIRTUALES DE FORMACI\u00d3N LABORAL"},"content":{"rendered":"\n<p class=\"wp-block-paragraph\">La segunda etapa de CBA Me Capacita ofrece 5.000 cupos para personas mayores de 16 a\u00f1os. Las inscripciones estar\u00e1n abiertas hasta el 30 de octubre.<\/p>\n\n\n\n<p class=\"wp-block-paragraph\">El Gobierno de C\u00f3rdoba a trav\u00e9s del Ministerio de Desarrollo Social y Promoci\u00f3n del Empleo pone en marcha la segunda etapa 2026 de CBA Me Capacita, el Programa Provincial de Capacitaci\u00f3n en Oficios y Formaci\u00f3n Profesional.<\/p>\n\n\n\n<p class=\"wp-block-paragraph\">Desde el 2 de septiembre hasta el 30 de octubre, estar\u00e1n abiertas las inscripciones para 25 cursos virtuales vinculados con las competencias laborales m\u00e1s demandadas. La propuesta contar\u00e1 con un cupo previsto para 5.000 personas de toda la provincia.<\/p>\n\n\n\n<p class=\"wp-block-paragraph\">La formaci\u00f3n est\u00e1 destinada a personas de 16 a\u00f1os en adelante, sin importar su nivel de estudios ni su situaci\u00f3n laboral.<\/p>\n\n\n\n<p class=\"wp-block-paragraph\">Los cursos podr\u00e1n realizarse desde cualquier lugar con acceso a internet y se habilitar\u00e1n de manera gradual a trav\u00e9s de Campus C\u00f3rdoba.<\/p>\n\n\n\n<p class=\"wp-block-paragraph\">La iniciativa forma parte de las pol\u00edticas p\u00fablicas de promoci\u00f3n del empleo impulsadas por el Gobierno provincial, con el objetivo de ampliar las oportunidades de formaci\u00f3n, fortalecer la empleabilidad y acompa\u00f1ar las nuevas demandas del mundo del trabajo.<\/p>\n\n\n\n<p class=\"wp-block-paragraph\">Por sexto a\u00f1o consecutivo, CBA Me Capacita desarrolla esta iniciativa en articulaci\u00f3n con Campus C\u00f3rdoba. Durante la primera etapa de 2026, m\u00e1s de 8.600 cordobeses y cordobesas participaron de diferentes trayectos de capacitaci\u00f3n.<\/p>\n\n\n\n<p class=\"wp-block-paragraph\">Adem\u00e1s, durante el primer semestre, m\u00e1s de 3.600 beneficiarios de los programas Primer Paso y Empleo +26 realizaron cursos como parte de sus pr\u00e1cticas laborales y obtuvieron su certificaci\u00f3n oficial.<\/p>\n\n\n\n<p class=\"wp-block-paragraph\">*Los 25 cursos disponibles*<\/p>\n\n\n\n<p class=\"wp-block-paragraph\">La nueva convocatoria incluye las siguientes propuestas:<\/p>\n\n\n\n<p class=\"wp-block-paragraph\">* Teletrabajo.<\/p>\n\n\n\n<p class=\"wp-block-paragraph\">* Introducci\u00f3n a Word.<\/p>\n\n\n\n<p class=\"wp-block-paragraph\">* Introducci\u00f3n a Excel.<\/p>\n\n\n\n<p class=\"wp-block-paragraph\">* Introducci\u00f3n a las instalaciones sanitarias y de gas.<\/p>\n\n\n\n<p class=\"wp-block-paragraph\">* Herramientas inform\u00e1ticas aplicadas a instalaciones el\u00e9ctricas.<\/p>\n\n\n\n<p class=\"wp-block-paragraph\">* Salud y Seguridad en \u00e1mbitos laborales.<\/p>\n\n\n\n<p class=\"wp-block-paragraph\">* Introducci\u00f3n a la Gesti\u00f3n de Ventas Mayoristas.<\/p>\n\n\n\n<p class=\"wp-block-paragraph\">* Introducci\u00f3n a la Producci\u00f3n y Gesti\u00f3n de Emprendimientos Culturales.<\/p>\n\n\n\n<p class=\"wp-block-paragraph\">* Excel Nivel 1.<\/p>\n\n\n\n<p class=\"wp-block-paragraph\">* Introducci\u00f3n a la Programaci\u00f3n, Dom\u00f3tica y Rob\u00f3tica.<\/p>\n\n\n\n<p class=\"wp-block-paragraph\">* Introducci\u00f3n al Testing de Software.<\/p>\n\n\n\n<p class=\"wp-block-paragraph\">* Introducci\u00f3n al Manejo de Drones.<\/p>\n\n\n\n<p class=\"wp-block-paragraph\">* Introducci\u00f3n a la Log\u00edstica.<\/p>\n\n\n\n<p class=\"wp-block-paragraph\">* Introducci\u00f3n al Marketing Digital y Comercio Electr\u00f3nico.<\/p>\n\n\n\n<p class=\"wp-block-paragraph\">* Introducci\u00f3n a Ventas y Negociaci\u00f3n.<\/p>\n\n\n\n<p class=\"wp-block-paragraph\">* Habilidades y Competencias Sociolaborales.<\/p>\n\n\n\n<p class=\"wp-block-paragraph\">* Introducci\u00f3n al Turismo.<\/p>\n\n\n\n<p class=\"wp-block-paragraph\">* Introducci\u00f3n a la Econom\u00eda Verde.<\/p>\n\n\n\n<p class=\"wp-block-paragraph\">* Introducci\u00f3n a las Energ\u00edas Renovables.<\/p>\n\n\n\n<p class=\"wp-block-paragraph\">* Introducci\u00f3n a la Soldadura B\u00e1sica.<\/p>\n\n\n\n<p class=\"wp-block-paragraph\">* Introducci\u00f3n a la Programaci\u00f3n de CNC.<\/p>\n\n\n\n<p class=\"wp-block-paragraph\">* Introducci\u00f3n al Torno Convencional.<\/p>\n\n\n\n<p class=\"wp-block-paragraph\">* Habilidades Digitales: Interact\u00fae en L\u00ednea de Manera Segura y Responsable.<\/p>\n\n\n\n<p class=\"wp-block-paragraph\">* Habilidades Digitales: Crear Contenido Digital.<\/p>\n\n\n\n<p class=\"wp-block-paragraph\">* Habilidades Digitales: Colabore y Gestione el Contenido Digitalmente.<\/p>\n\n\n\n<p class=\"wp-block-paragraph\">* Nuevas herramientas para la econom\u00eda social.<\/p>\n\n\n\n<p class=\"wp-block-paragraph\">En paralelo, el programa Fortalecer Oficios, dependiente de la Secretar\u00eda de Econom\u00eda Social, incorpor\u00f3 dos nuevas propuestas de formaci\u00f3n virtual pr\u00e1ctica.<\/p>\n\n\n\n<p class=\"wp-block-paragraph\">De esta manera, ofrece ocho cursos breves, virtuales y asincr\u00f3nicos para personas que busquen iniciar o potenciar proyectos productivos y emprendimientos. En lo que va de 2026, estas capacitaciones registraron m\u00e1s de 8.825 participantes en toda la provincia.<\/p>\n\n\n\n<p class=\"wp-block-paragraph\">*Los cursos disponibles son:*<\/p>\n\n\n\n<p class=\"wp-block-paragraph\">* Desarrollo de Redes Comerciales para la Econom\u00eda Social \u2014nuevo\u2014.<\/p>\n\n\n\n<p class=\"wp-block-paragraph\">* Planificaci\u00f3n de Marca en la Econom\u00eda Social \u2014nuevo\u2014.<\/p>\n\n\n\n<p class=\"wp-block-paragraph\">* Herramientas para la Comercializaci\u00f3n Popular.<\/p>\n\n\n\n<p class=\"wp-block-paragraph\">* Manejo de Redes Sociales para la Econom\u00eda Social.<\/p>\n\n\n\n<p class=\"wp-block-paragraph\">* Introducci\u00f3n a la Gesti\u00f3n de Emprendimientos de la Econom\u00eda Social.<\/p>\n\n\n\n<p class=\"wp-block-paragraph\">* Introducci\u00f3n al Ecodise\u00f1o de Prendas.<\/p>\n\n\n\n<p class=\"wp-block-paragraph\">* Fotograf\u00eda para Emprendimientos de la Econom\u00eda Social.<\/p>\n\n\n\n<p class=\"wp-block-paragraph\">* Manipulaci\u00f3n Segura de Alimentos para Productores de la Econom\u00eda Social.<\/p>\n\n\n\n<p class=\"wp-block-paragraph\">* Formaci\u00f3n de calidad para los sectores productivos<\/p>\n\n\n\n<p class=\"wp-block-paragraph\">Durante agosto tambi\u00e9n comenz\u00f3 la segunda etapa de la formaci\u00f3n virtual destinada a trabajadores y trabajadoras del sector comercial y de servicios.<\/p>\n\n\n\n<p class=\"wp-block-paragraph\">La propuesta busca fortalecer las capacidades de gesti\u00f3n, acompa\u00f1ar el desarrollo de las actividades laborales y favorecer mayores niveles de competitividad, modernizaci\u00f3n y profesionalizaci\u00f3n.<\/p>\n\n\n\n<p class=\"wp-block-paragraph\">La iniciativa se desarrolla mediante la articulaci\u00f3n entre los ministerios de Desarrollo Social y Promoci\u00f3n del Empleo; Producci\u00f3n, Ciencia e Innovaci\u00f3n Tecnol\u00f3gica; y Educaci\u00f3n, junto con federaciones, c\u00e1maras empresariales y sindicatos.<\/p>\n\n\n\n<p class=\"wp-block-paragraph\">Esta cooperaci\u00f3n reafirma las pol\u00edticas p\u00fablicas orientadas al crecimiento de los sectores socioproductivos, la inclusi\u00f3n laboral, la generaci\u00f3n de empleo de calidad y el desarrollo econ\u00f3mico sostenible.<\/p>\n\n\n\n<p class=\"wp-block-paragraph\">*M\u00e1s oportunidades de formaci\u00f3n tecnol\u00f3gica*<\/p>\n\n\n\n<p class=\"wp-block-paragraph\">A estas acciones se suma una nueva convocatoria del programa Crea Futuro, que otorgar\u00e1 3.500 becas y avanza hacia las 10.000 oportunidades de capacitaci\u00f3n en \u00e1reas tecnol\u00f3gicas estrat\u00e9gicas.<\/p>\n\n\n\n<p class=\"wp-block-paragraph\">La oferta incluye inteligencia artificial, aplicaciones avanzadas de IA para entornos productivos, ciberseguridad, seguridad inform\u00e1tica y redes, programaci\u00f3n, marketing y publicidad digital, negocios digitales, comercio electr\u00f3nico y soporte tecnol\u00f3gico, entre otras disciplinas.<\/p>\n\n\n\n<p class=\"wp-block-paragraph\">Crea Futuro es una iniciativa del Ministerio de Desarrollo Social y Promoci\u00f3n del Empleo, desarrollada junto con el Ministerio de Producci\u00f3n, Ciencia e Innovaci\u00f3n Tecnol\u00f3gica; la empresa Aleph; R\u2019Evolution Education; la Universidad Provincial de C\u00f3rdoba y la Universidad Siglo 21.<\/p>\n\n\n\n<p class=\"wp-block-paragraph\">*Actualizaci\u00f3n para capacitadores de oficios*<\/p>\n\n\n\n<p class=\"wp-block-paragraph\">M\u00e1s de 840 capacitadores y capacitadoras que ense\u00f1an oficios en diferentes puntos de la provincia tambi\u00e9n accedieron a trayectos virtuales de formaci\u00f3n y actualizaci\u00f3n.<\/p>\n\n\n\n<p class=\"wp-block-paragraph\">Las propuestas disponibles son:<\/p>\n\n\n\n<p class=\"wp-block-paragraph\">* Introducci\u00f3n a la Pr\u00e1ctica de la Ense\u00f1anza en la Formaci\u00f3n Profesional.<\/p>\n\n\n\n<p class=\"wp-block-paragraph\">* La Pr\u00e1ctica de la Ense\u00f1anza en la Formaci\u00f3n Profesional: \u00bfc\u00f3mo planificar un curso de Formaci\u00f3n Profesional?<\/p>\n\n\n\n<p class=\"wp-block-paragraph\">Las personas interesadas podr\u00e1n consultar los requisitos, conocer los detalles de cada curso y completar su inscripci\u00f3n a trav\u00e9s de los canales oficiales del Gobierno de C\u00f3rdoba y de Campus C\u00f3rdoba<\/p>\n\n\n\n<figure class=\"wp-block-image size-full\"><img loading=\"lazy\" decoding=\"async\" width=\"810\" height=\"540\" src=\"https:\/\/www.nextmultimedio.com\/wp-content\/uploads\/2026\/09\/image-8.jpeg\" alt=\"\" class=\"wp-image-15905\" srcset=\"https:\/\/www.nextmultimedio.com\/wp-content\/uploads\/2026\/09\/image-8.jpeg 810w, https:\/\/www.nextmultimedio.com\/wp-content\/uploads\/2026\/09\/image-8-300x200.jpeg 300w, https:\/\/www.nextmultimedio.com\/wp-content\/uploads\/2026\/09\/image-8-768x512.jpeg 768w\" sizes=\"auto, (max-width: 810px) 100vw, 810px\" \/><\/figure>\n\n\n\n<p class=\"wp-block-paragraph\">Publicaci\u00f3n compartida<\/p>\n","protected":false},"excerpt":{"rendered":"<p>La segunda etapa de CBA Me Capacita ofrece 5.000 cupos para personas mayores de 16 a\u00f1os. Las inscripciones estar\u00e1n abiertas hasta el 30 de octubre. El Gobierno de C\u00f3rdoba a trav\u00e9s del Ministerio de Desarrollo Social y Promoci\u00f3n del Empleo pone en marcha la segunda etapa 2026 de CBA Me Capacita, el Programa Provincial de [&hellip;]<\/p>\n","protected":false},"author":1,"featured_media":15905,"comment_status":"closed","ping_status":"closed","sticky":false,"template":"","format":"standard","meta":{"footnotes":""},"categories":[69],"tags":[345],"class_list":["post-15904","post","type-post","status-publish","format-standard","has-post-thumbnail","hentry","category-noticias","tag-destacar"],"_links":{"self":[{"href":"https:\/\/www.nextmultimedio.com\/index.php?rest_route=\/wp\/v2\/posts\/15904","targetHints":{"allow":["GET"]}}],"collection":[{"href":"https:\/\/www.nextmultimedio.com\/index.php?rest_route=\/wp\/v2\/posts"}],"about":[{"href":"https:\/\/www.nextmultimedio.com\/index.php?rest_route=\/wp\/v2\/types\/post"}],"author":[{"embeddable":true,"href":"https:\/\/www.nextmultimedio.com\/index.php?rest_route=\/wp\/v2\/users\/1"}],"replies":[{"embeddable":true,"href":"https:\/\/www.nextmultimedio.com\/index.php?rest_route=%2Fwp%2Fv2%2Fcomments&post=15904"}],"version-history":[{"count":1,"href":"https:\/\/www.nextmultimedio.com\/index.php?rest_route=\/wp\/v2\/posts\/15904\/revisions"}],"predecessor-version":[{"id":15906,"href":"https:\/\/www.nextmultimedio.com\/index.php?rest_route=\/wp\/v2\/posts\/15904\/revisions\/15906"}],"wp:featuredmedia":[{"embeddable":true,"href":"https:\/\/www.nextmultimedio.com\/index.php?rest_route=\/wp\/v2\/media\/15905"}],"wp:attachment":[{"href":"https:\/\/www.nextmultimedio.com\/index.php?rest_route=%2Fwp%2Fv2%2Fmedia&parent=15904"}],"wp:term":[{"taxonomy":"category","embeddable":true,"href":"https:\/\/www.nextmultimedio.com\/index.php?rest_route=%2Fwp%2Fv2%2Fcategories&post=15904"},{"taxonomy":"post_tag","embeddable":true,"href":"https:\/\/www.nextmultimedio.com\/index.php?rest_route=%2Fwp%2Fv2%2Ftags&post=15904"}],"curies":[{"name":"wp","href":"https:\/\/api.w.org\/{rel}","templated":true}]}}