{"id":15901,"date":"2026-09-03T16:52:59","date_gmt":"2026-09-03T19:52:59","guid":{"rendered":"https:\/\/www.nextmultimedio.com\/?p=15901"},"modified":"2026-09-03T16:53:00","modified_gmt":"2026-09-03T19:53:00","slug":"incendios-el-riesgo-es-extremo-en-gran-parte-de-la-provincia","status":"publish","type":"post","link":"https:\/\/www.nextmultimedio.com\/?p=15901","title":{"rendered":"INCENDIOS: EL RIESGO ES EXTREMO EN GRAN PARTE DE LA PROVINCIA"},"content":{"rendered":"\n<p class=\"wp-block-paragraph\">* Para este jueves se esperan fuertes vientos del sur, con r\u00e1fagas que podr\u00edan superar los 70 km\/h.<\/p>\n\n\n\n<p class=\"wp-block-paragraph\">* El sistema provincial de combate de incendios se encuentra en alerta amarilla y la Provincia refuerza la vigilancia ante posibles focos.<\/p>\n\n\n\n<p class=\"wp-block-paragraph\">* Se solicita a la poblaci\u00f3n extremar los cuidados y dar aviso ante la presencia de humo o fuego a trav\u00e9s los n\u00fameros 100, 911 o al 0800-888-38346.<\/p>\n\n\n\n<p class=\"wp-block-paragraph\">El Ministerio de Seguridad, a trav\u00e9s de la Direcci\u00f3n de Gesti\u00f3n Integral de Manejo del Fuego, recuerda que para la jornada de este jueves se espera el ingreso de un frente de vientos del sector sur, con r\u00e1fagas que podr\u00edan superar los 70 km\/h.<\/p>\n\n\n\n<p class=\"wp-block-paragraph\">Si bien se espera un marcado descenso de las temperaturas, las condiciones de viento hacen mantener el \u00edndice de condiciones para el desarrollo de incendios forestales en EXTREMO, en gran parte del territorio de la provincia<\/p>\n\n\n\n<p class=\"wp-block-paragraph\">Ante esta situaci\u00f3n, todos los integrantes del sistema de combate se encuentran con sus recursos operativos en estado de alerta amarilla y la Provincia refuerza la vigilancia ante posibles focos de incendio.<\/p>\n\n\n\n<p class=\"wp-block-paragraph\">Ante la presencia de humo o fuego, se solicita a la comunidad dar aviso de inmediato a los n\u00fameros 100 (Bomberos), 911 (Polic\u00eda) o 0800-888-38346 (FUEGO).<\/p>\n\n\n\n<p class=\"wp-block-paragraph\"><\/p>\n\n\n\n<p class=\"wp-block-paragraph\"><\/p>\n\n\n\n<figure class=\"wp-block-image size-full\"><img loading=\"lazy\" decoding=\"async\" width=\"521\" height=\"640\" src=\"https:\/\/www.nextmultimedio.com\/wp-content\/uploads\/2026\/09\/image-7.jpeg\" alt=\"\" class=\"wp-image-15902\" srcset=\"https:\/\/www.nextmultimedio.com\/wp-content\/uploads\/2026\/09\/image-7.jpeg 521w, https:\/\/www.nextmultimedio.com\/wp-content\/uploads\/2026\/09\/image-7-244x300.jpeg 244w\" sizes=\"auto, (max-width: 521px) 100vw, 521px\" \/><\/figure>\n\n\n\n<p class=\"wp-block-paragraph\">Publicaci\u00f3n compartida<\/p>\n","protected":false},"excerpt":{"rendered":"<p>* Para este jueves se esperan fuertes vientos del sur, con r\u00e1fagas que podr\u00edan superar los 70 km\/h. * El sistema provincial de combate de incendios se encuentra en alerta amarilla y la Provincia refuerza la vigilancia ante posibles focos. * Se solicita a la poblaci\u00f3n extremar los cuidados y dar aviso ante la presencia [&hellip;]<\/p>\n","protected":false},"author":1,"featured_media":15902,"comment_status":"closed","ping_status":"closed","sticky":false,"template":"","format":"standard","meta":{"footnotes":""},"categories":[69],"tags":[345],"class_list":["post-15901","post","type-post","status-publish","format-standard","has-post-thumbnail","hentry","category-noticias","tag-destacar"],"_links":{"self":[{"href":"https:\/\/www.nextmultimedio.com\/index.php?rest_route=\/wp\/v2\/posts\/15901","targetHints":{"allow":["GET"]}}],"collection":[{"href":"https:\/\/www.nextmultimedio.com\/index.php?rest_route=\/wp\/v2\/posts"}],"about":[{"href":"https:\/\/www.nextmultimedio.com\/index.php?rest_route=\/wp\/v2\/types\/post"}],"author":[{"embeddable":true,"href":"https:\/\/www.nextmultimedio.com\/index.php?rest_route=\/wp\/v2\/users\/1"}],"replies":[{"embeddable":true,"href":"https:\/\/www.nextmultimedio.com\/index.php?rest_route=%2Fwp%2Fv2%2Fcomments&post=15901"}],"version-history":[{"count":1,"href":"https:\/\/www.nextmultimedio.com\/index.php?rest_route=\/wp\/v2\/posts\/15901\/revisions"}],"predecessor-version":[{"id":15903,"href":"https:\/\/www.nextmultimedio.com\/index.php?rest_route=\/wp\/v2\/posts\/15901\/revisions\/15903"}],"wp:featuredmedia":[{"embeddable":true,"href":"https:\/\/www.nextmultimedio.com\/index.php?rest_route=\/wp\/v2\/media\/15902"}],"wp:attachment":[{"href":"https:\/\/www.nextmultimedio.com\/index.php?rest_route=%2Fwp%2Fv2%2Fmedia&parent=15901"}],"wp:term":[{"taxonomy":"category","embeddable":true,"href":"https:\/\/www.nextmultimedio.com\/index.php?rest_route=%2Fwp%2Fv2%2Fcategories&post=15901"},{"taxonomy":"post_tag","embeddable":true,"href":"https:\/\/www.nextmultimedio.com\/index.php?rest_route=%2Fwp%2Fv2%2Ftags&post=15901"}],"curies":[{"name":"wp","href":"https:\/\/api.w.org\/{rel}","templated":true}]}}