{"id":15895,"date":"2026-09-02T18:07:12","date_gmt":"2026-09-02T21:07:12","guid":{"rendered":"https:\/\/www.nextmultimedio.com\/?p=15895"},"modified":"2026-09-02T18:07:14","modified_gmt":"2026-09-02T21:07:14","slug":"delincuente-detenido-por-hurto","status":"publish","type":"post","link":"https:\/\/www.nextmultimedio.com\/?p=15895","title":{"rendered":"DELINCUENTE DETENIDO POR HURTO"},"content":{"rendered":"\n<p class=\"wp-block-paragraph\">En horas de la noche de este martes, personal del Escuadr\u00f3n Motorizado Enduro, fue comisionado por la Central hacia Av. San Mart\u00edn y Florida, barrio Centro Nuevo de Villa Carlos Paz, donde se encontraba un hombre que habr\u00eda sustra\u00eddo una bicicleta de una cochera ubicada en un edificio de calle Avellaneda.<\/p>\n\n\n\n<p class=\"wp-block-paragraph\">En el lugar entrevistaron al damnificado, quien manifest\u00f3 que el hecho hab\u00eda quedado registrado por las c\u00e1maras de seguridad del edificio y que logr\u00f3 reconocer al presunto autor.<\/p>\n\n\n\n<p class=\"wp-block-paragraph\">Ante ello, se procedi\u00f3 a identificar al masculino,<\/p>\n\n\n\n<p class=\"wp-block-paragraph\">se efectu\u00f3 un palpado preventivo procedi\u00e9ndose al secuestro de un destornillador con mango amarillo y punta que llevaba entre sus prendas.<\/p>\n\n\n\n<p class=\"wp-block-paragraph\">Por disposici\u00f3n de la autoridad judicial interviniente, el masculino fue aprehendido y trasladado a la Alcald\u00eda local.<\/p>\n\n\n\n<p class=\"wp-block-paragraph\"><\/p>\n\n\n\n<figure class=\"wp-block-image size-full\"><img loading=\"lazy\" decoding=\"async\" width=\"526\" height=\"526\" src=\"https:\/\/www.nextmultimedio.com\/wp-content\/uploads\/2026\/09\/image-5.jpeg\" alt=\"\" class=\"wp-image-15896\" srcset=\"https:\/\/www.nextmultimedio.com\/wp-content\/uploads\/2026\/09\/image-5.jpeg 526w, https:\/\/www.nextmultimedio.com\/wp-content\/uploads\/2026\/09\/image-5-300x300.jpeg 300w\" sizes=\"auto, (max-width: 526px) 100vw, 526px\" \/><\/figure>\n","protected":false},"excerpt":{"rendered":"<p>En horas de la noche de este martes, personal del Escuadr\u00f3n Motorizado Enduro, fue comisionado por la Central hacia Av. San Mart\u00edn y Florida, barrio Centro Nuevo de Villa Carlos Paz, donde se encontraba un hombre que habr\u00eda sustra\u00eddo una bicicleta de una cochera ubicada en un edificio de calle Avellaneda. En el lugar entrevistaron [&hellip;]<\/p>\n","protected":false},"author":1,"featured_media":15896,"comment_status":"closed","ping_status":"closed","sticky":false,"template":"","format":"standard","meta":{"footnotes":""},"categories":[69],"tags":[345],"class_list":["post-15895","post","type-post","status-publish","format-standard","has-post-thumbnail","hentry","category-noticias","tag-destacar"],"_links":{"self":[{"href":"https:\/\/www.nextmultimedio.com\/index.php?rest_route=\/wp\/v2\/posts\/15895","targetHints":{"allow":["GET"]}}],"collection":[{"href":"https:\/\/www.nextmultimedio.com\/index.php?rest_route=\/wp\/v2\/posts"}],"about":[{"href":"https:\/\/www.nextmultimedio.com\/index.php?rest_route=\/wp\/v2\/types\/post"}],"author":[{"embeddable":true,"href":"https:\/\/www.nextmultimedio.com\/index.php?rest_route=\/wp\/v2\/users\/1"}],"replies":[{"embeddable":true,"href":"https:\/\/www.nextmultimedio.com\/index.php?rest_route=%2Fwp%2Fv2%2Fcomments&post=15895"}],"version-history":[{"count":1,"href":"https:\/\/www.nextmultimedio.com\/index.php?rest_route=\/wp\/v2\/posts\/15895\/revisions"}],"predecessor-version":[{"id":15897,"href":"https:\/\/www.nextmultimedio.com\/index.php?rest_route=\/wp\/v2\/posts\/15895\/revisions\/15897"}],"wp:featuredmedia":[{"embeddable":true,"href":"https:\/\/www.nextmultimedio.com\/index.php?rest_route=\/wp\/v2\/media\/15896"}],"wp:attachment":[{"href":"https:\/\/www.nextmultimedio.com\/index.php?rest_route=%2Fwp%2Fv2%2Fmedia&parent=15895"}],"wp:term":[{"taxonomy":"category","embeddable":true,"href":"https:\/\/www.nextmultimedio.com\/index.php?rest_route=%2Fwp%2Fv2%2Fcategories&post=15895"},{"taxonomy":"post_tag","embeddable":true,"href":"https:\/\/www.nextmultimedio.com\/index.php?rest_route=%2Fwp%2Fv2%2Ftags&post=15895"}],"curies":[{"name":"wp","href":"https:\/\/api.w.org\/{rel}","templated":true}]}}