{"id":15892,"date":"2026-09-02T18:05:54","date_gmt":"2026-09-02T21:05:54","guid":{"rendered":"https:\/\/www.nextmultimedio.com\/?p=15892"},"modified":"2026-09-02T18:05:55","modified_gmt":"2026-09-02T21:05:55","slug":"la-defensoria-continua-con-el-plan-hablemos-de-cloacas","status":"publish","type":"post","link":"https:\/\/www.nextmultimedio.com\/?p=15892","title":{"rendered":"LA DEFENSOR\u00cdA CONTIN\u00daA CON EL PLAN &#8220;HABLEMOS DE CLOACAS&#8221;"},"content":{"rendered":"\n<p class=\"wp-block-paragraph\">V\u00edctor Curvino y Jorge \u00c1lvarez se reunieron con autoridades de Santa Mar\u00eda de Punilla para dialogar sobre el programa \u201cHablemos de Cloacas\u201d<\/p>\n\n\n\n<p class=\"wp-block-paragraph\">Con el objetivo de lograr el saneamiento del Lago San Roque, la Defensoria del Pueblo contin\u00faa trabajando con el programa \u201cHablemos de Cloacas\u201d en b\u00fasqueda de saber la situaci\u00f3n en relaci\u00f3n a estas obras en cada uno de los municipios y comunas de la cuenca.<\/p>\n\n\n\n<p class=\"wp-block-paragraph\">En este sentido, el Defensor del Pueblo V\u00edctor Curvino acompa\u00f1ado del Adjunto Jorge \u00c1lvarez recibieron a la intendenta de Santa Mar\u00eda de Punilla Silvia Rocchietti y al Secretario de Gobierno Dardo Zanotti con quienes dialogaron acerca de esta situaci\u00f3n en la mencionada localidad y en toda la regi\u00f3n<\/p>\n\n\n\n<p class=\"wp-block-paragraph\">\u201cQuiero agradecer a Silvia y Dardo por llegarse a nuestra instituci\u00f3n y tener la posibilidad de dialogar con ellos este tema tan importante para toda la regi\u00f3n\u201d. expres\u00f3 el Defensor del Pueblo V\u00edctor Curvino<\/p>\n\n\n\n<p class=\"wp-block-paragraph\">\u201cPara nosotros es muy importante continuar trabajando con el programa \u00b4Hablemos de Cloacas\u00b4 ya que es sumamente necesario lograr el saneamiento definitivo del Lago San Roque, entendiendo que es nuestro principal recurso natural y tur\u00edstico y sin las obras de cloacas es imposible lograr este gran objetivo\u201d, agreg\u00f3 Curvino<\/p>\n\n\n\n<p class=\"wp-block-paragraph\">Cabe destacar que desde el a\u00f1o 2022 la Defensoria del Pueblo, encabezada por Curvino, impulsa el programa &#8220;Hablemos de Cloacas\u201d a trav\u00e9s del cual busca conocer cual es la situaci\u00f3n respecto a la realizaci\u00f3n de las obras de cloacas de las distintas comunas y municipios de la cuenca, entendiendo que es la \u00fanica soluci\u00f3n para lograr el saneamiento definitivo del Lago San Roque<\/p>\n\n\n\n<figure class=\"wp-block-image size-full\"><img loading=\"lazy\" decoding=\"async\" width=\"526\" height=\"526\" src=\"https:\/\/www.nextmultimedio.com\/wp-content\/uploads\/2026\/09\/image-4.jpeg\" alt=\"\" class=\"wp-image-15893\" srcset=\"https:\/\/www.nextmultimedio.com\/wp-content\/uploads\/2026\/09\/image-4.jpeg 526w, https:\/\/www.nextmultimedio.com\/wp-content\/uploads\/2026\/09\/image-4-300x300.jpeg 300w\" sizes=\"auto, (max-width: 526px) 100vw, 526px\" \/><\/figure>\n","protected":false},"excerpt":{"rendered":"<p>V\u00edctor Curvino y Jorge \u00c1lvarez se reunieron con autoridades de Santa Mar\u00eda de Punilla para dialogar sobre el programa \u201cHablemos de Cloacas\u201d Con el objetivo de lograr el saneamiento del Lago San Roque, la Defensoria del Pueblo contin\u00faa trabajando con el programa \u201cHablemos de Cloacas\u201d en b\u00fasqueda de saber la situaci\u00f3n en relaci\u00f3n a estas [&hellip;]<\/p>\n","protected":false},"author":1,"featured_media":15893,"comment_status":"closed","ping_status":"closed","sticky":false,"template":"","format":"standard","meta":{"footnotes":""},"categories":[69],"tags":[345],"class_list":["post-15892","post","type-post","status-publish","format-standard","has-post-thumbnail","hentry","category-noticias","tag-destacar"],"_links":{"self":[{"href":"https:\/\/www.nextmultimedio.com\/index.php?rest_route=\/wp\/v2\/posts\/15892","targetHints":{"allow":["GET"]}}],"collection":[{"href":"https:\/\/www.nextmultimedio.com\/index.php?rest_route=\/wp\/v2\/posts"}],"about":[{"href":"https:\/\/www.nextmultimedio.com\/index.php?rest_route=\/wp\/v2\/types\/post"}],"author":[{"embeddable":true,"href":"https:\/\/www.nextmultimedio.com\/index.php?rest_route=\/wp\/v2\/users\/1"}],"replies":[{"embeddable":true,"href":"https:\/\/www.nextmultimedio.com\/index.php?rest_route=%2Fwp%2Fv2%2Fcomments&post=15892"}],"version-history":[{"count":1,"href":"https:\/\/www.nextmultimedio.com\/index.php?rest_route=\/wp\/v2\/posts\/15892\/revisions"}],"predecessor-version":[{"id":15894,"href":"https:\/\/www.nextmultimedio.com\/index.php?rest_route=\/wp\/v2\/posts\/15892\/revisions\/15894"}],"wp:featuredmedia":[{"embeddable":true,"href":"https:\/\/www.nextmultimedio.com\/index.php?rest_route=\/wp\/v2\/media\/15893"}],"wp:attachment":[{"href":"https:\/\/www.nextmultimedio.com\/index.php?rest_route=%2Fwp%2Fv2%2Fmedia&parent=15892"}],"wp:term":[{"taxonomy":"category","embeddable":true,"href":"https:\/\/www.nextmultimedio.com\/index.php?rest_route=%2Fwp%2Fv2%2Fcategories&post=15892"},{"taxonomy":"post_tag","embeddable":true,"href":"https:\/\/www.nextmultimedio.com\/index.php?rest_route=%2Fwp%2Fv2%2Ftags&post=15892"}],"curies":[{"name":"wp","href":"https:\/\/api.w.org\/{rel}","templated":true}]}}